{"id":1172,"date":"2019-03-13T10:21:48","date_gmt":"2019-03-13T10:21:48","guid":{"rendered":"https:\/\/cortadoblog1.wpengine.com\/mobility-basics-was-ist-der-unterschied-zwischen-byod-und-cobo\/"},"modified":"2024-11-04T11:35:06","modified_gmt":"2024-11-04T11:35:06","slug":"mobility-basics-was-ist-der-unterschied-zwischen-byod-und-cobo","status":"publish","type":"post","link":"https:\/\/blog.cortado.com\/de\/mobility-basics-was-ist-der-unterschied-zwischen-byod-und-cobo\/","title":{"rendered":"Was ist der Unterschied zwischen BYOD und COBO?"},"content":{"rendered":"\n<p><strong>Haben Unternehmen sich entschieden, ihren Mitarbeitern mobiles Arbeiten zu erm\u00f6glichen, stellt sich die Frage nach dem WIE. Ist es Mitarbeitern gestattet, ihre eigenen Ger\u00e4te zu verwenden, oder werden firmeneigene Ger\u00e4te angeschafft? Wir nehmen beide M\u00f6glichkeiten unter die Lupe und erkl\u00e4ren den Unterschied zwischen den Konzepten BYOD und COBO.<\/strong><\/p>\n\n\n\n<figure class=\"wp-block-image alignnone size-full wp-image-1173\"><img loading=\"lazy\" decoding=\"async\" width=\"1500\" height=\"747\" src=\"https:\/\/blog.cortado.com\/wp-content\/uploads\/was-ist-der-unterschied-zwischen-byod-cobo.jpg\" alt=\"Was ist der Unterschied zwischen BYOD und COBO\" class=\"wp-image-1173\" srcset=\"https:\/\/blog.cortado.com\/wp-content\/uploads\/was-ist-der-unterschied-zwischen-byod-cobo.jpg 1500w, https:\/\/blog.cortado.com\/wp-content\/uploads\/was-ist-der-unterschied-zwischen-byod-cobo-300x149.jpg 300w, https:\/\/blog.cortado.com\/wp-content\/uploads\/was-ist-der-unterschied-zwischen-byod-cobo-1024x510.jpg 1024w, https:\/\/blog.cortado.com\/wp-content\/uploads\/was-ist-der-unterschied-zwischen-byod-cobo-768x382.jpg 768w\" sizes=\"(max-width: 1500px) 100vw, 1500px\" \/><figcaption class=\"wp-element-caption\">BYOD oder COBO beginnt mit der Frage, welche Ger\u00e4te im Unternehmen erlaubt sind.<\/figcaption><\/figure>\n\n\n\n<p>F\u00fcr alle unterst\u00fctzten mobilen Ger\u00e4te gibt es zwei M\u00f6glichkeiten sie zu verwalten. Entweder wird nur ein bestimmter Bereich, das sogenannte Arbeitsprofil, auf dem Ger\u00e4t verwaltet, oder aber das komplette Ger\u00e4t. Die Wahl des Konzeptes \u2013 BYOD oder COBO \u2013 h\u00e4ngt davon ab, welche Ger\u00e4te eingesetzt werden. Was sich hinter den Begriffen verbirgt und welche Vor- &amp; Nachteile die Konzepte haben schauen wir uns nun genauer an.<\/p>\n\n\n\n<h3 class=\"wp-block-heading\" id=\"h-was-ist-byod\"><strong>Was ist BYOD?<\/strong><\/h3>\n\n\n\n<p>Bring Your Own Device, kurz BYOD, bedeutet, dass Mitarbeiter ihre privaten Smartphones und Tablets auch f\u00fcr die Arbeit nutzen. Das sich bei diesem Ansatz nicht das komplette Ger\u00e4t, samt der privaten Nutzerdaten verwalten l\u00e4sst, ist einleuchtend. Deswegen ist eine konsequente Trennung von privaten und gesch\u00e4ftlichen Daten die Grundvoraussetzung.<\/p>\n\n\n\n<p>Dazu wird auf dem Ger\u00e4t des Mitarbeiters ein sogenanntes Arbeitsprofil eingerichtet, in dem alle gesch\u00e4ftlichen Apps verwaltet werden. Dokumente in verwalteten Apps k\u00f6nnen dann nur in anderen verwalteten Apps ge\u00f6ffnet werden. Bei Bedarf k\u00f6nnen alle gesch\u00e4ftlichen Apps und Dokumente aus der Ferne von den Ger\u00e4ten der Nutzer gel\u00f6scht werden. Au\u00dferdem k\u00f6nnen f\u00fcr das Profil eine Reihe von Richtlinien verteilt werden. Arbeitsprofile erm\u00f6glichen es, eine strikte Trennung von gesch\u00e4ftlichen und privaten Daten nach DSGVO-Standard einzurichten. In unserem <a href=\"https:\/\/www.cortado.com\/de\/ressource\/datensicherheit-mit-cortado-server\/\" target=\"_blank\" rel=\"noopener noreferrer\">Whitepaper zur DSGVO<\/a>&nbsp;erkl\u00e4ren wir ausf\u00fchrlicher, wie mobile Ger\u00e4te fit f\u00fcr den Unternehmenseinsatz gemacht werden.<\/p>\n\n\n\n<figure class=\"wp-block-image aligncenter wp-image-1174\"><img loading=\"lazy\" decoding=\"async\" width=\"576\" height=\"1024\" src=\"https:\/\/blog.cortado.com\/wp-content\/uploads\/\/BYOD-Arbeitsprofil-576x1024.jpg\" alt=\"BYOD Arbeitsprofil\" class=\"wp-image-1174\" srcset=\"https:\/\/blog.cortado.com\/wp-content\/uploads\/BYOD-Arbeitsprofil-576x1024.jpg 576w, https:\/\/blog.cortado.com\/wp-content\/uploads\/BYOD-Arbeitsprofil-169x300.jpg 169w, https:\/\/blog.cortado.com\/wp-content\/uploads\/BYOD-Arbeitsprofil-768x1365.jpg 768w, https:\/\/blog.cortado.com\/wp-content\/uploads\/BYOD-Arbeitsprofil.jpg 816w\" sizes=\"(max-width: 576px) 100vw, 576px\" \/><figcaption class=\"wp-element-caption\">Das Koffersymbol kennzeichnet Apps, die vom Unternehmen im Arbeitsprofil verwaltet werden.<\/figcaption><\/figure>\n\n\n\n<h3 class=\"wp-block-heading\" id=\"h-welche-vorteile-und-nachteile-hat-byod\"><strong>Welche Vorteile und Nachteile hat BYOD?<\/strong><\/h3>\n\n\n\n<p>F\u00fcr Unternehmen, die hohe Anschaffungskosten f\u00fcr die mobilen Ger\u00e4te vermeiden wollen, ist BYOD eine gute Option. Zudem geben Sie Ihren Mitarbeitern ein hohes Ma\u00df an Selbstbestimmung, da sie die Entscheidung treffen, mit welchen Ger\u00e4ten sie am liebsten arbeiten.<\/p>\n\n\n\n<p>Fragen, die Sie sich stellen m\u00fcssen sind, ob ein gro\u00dfer Pool unterschiedlichster Ger\u00e4te gew\u00fcnscht ist und ob es dem Sicherheitsempfinden gen\u00fcgt, nur Kontrolle \u00fcber einen Teil des Ger\u00e4tes zu haben.<\/p>\n\n\n\n<h3 class=\"wp-block-heading\" id=\"h-was-ist-cobo\"><strong>Was ist COBO?<\/strong><\/h3>\n\n\n\n<p>Wenn Sie die letzte Frage mit NEIN beantwortet haben, fahren Sie besser mit einem Konzept, mit dem das komplette Ger\u00e4t eines Nutzers verwaltet wird. Diese Art der Verwaltung bietet sich f\u00fcr Ger\u00e4te an, die ausschlie\u00dflich gesch\u00e4ftlich genutzt werden und Eigentum der Firma sind. Hierbei spricht man von COBO \u2013 Company Owned, Business Only. Vor allem f\u00fcr Unternehmen, in denen Mitarbeiter Zugriff auf sensible Firmendaten haben, kann COBO sinnvoll sein.<\/p>\n\n\n\n<h3 class=\"wp-block-heading\" id=\"h-welche-vorteile-und-nachteile-hat-cobo\"><strong>Welche Vorteile und Nachteile hat COBO?<\/strong><\/h3>\n\n\n\n<p>Die Vorteile liegen auf der Hand: Da das Unternehmen die Ger\u00e4te anschafft, kann auf eine einheitliche Systemlandschaft geachtet werden. Dar\u00fcber hinaus beh\u00e4lt das Unternehmen vollst\u00e4ndige Kontrolle \u00fcber alle Anwendungen auf dem Ger\u00e4t, \u00fcber die Daten und das Ger\u00e4t selbst.<\/p>\n\n\n\n<p>Der Preis daf\u00fcr spiegelt sich in hohen Anschaffungskosten f\u00fcr die Ger\u00e4te wider. Auch muss abgewogen werden, ob Mitarbeiter wirklich gerne mit dem Ger\u00e4t arbeiten und bereit sind, immer mindestens 2 Ger\u00e4te in der Tasche zu haben.<\/p>\n\n\n\n<h3 class=\"wp-block-heading\" id=\"h-fazit-worauf-sie-bei-der-wahl-des-konzeptes-achten-mussen\"><strong>Fazit: Worauf Sie bei der Wahl des Konzeptes achten m\u00fcssen<\/strong><\/h3>\n\n\n\n<p>Egal ob BYOD oder COBO \u2013 beide Konzepte f\u00fchren Sie zum Ziel und lassen Ihre mobilen Mitarbeiter produktiver arbeiten. Es kommt vielmehr darauf an, wie viel Kontrolle das Unternehmen haben m\u00f6chte.<\/p>\n\n\n\n<figure class=\"wp-block-image aligncenter wp-image-1175\"><img loading=\"lazy\" decoding=\"async\" width=\"820\" height=\"672\" src=\"https:\/\/blog.cortado.com\/wp-content\/uploads\/COBO-BYOD-Konsole.jpg\" alt=\"COBO und BYOD in der Konsole\" class=\"wp-image-1175\" srcset=\"https:\/\/blog.cortado.com\/wp-content\/uploads\/COBO-BYOD-Konsole.jpg 820w, https:\/\/blog.cortado.com\/wp-content\/uploads\/COBO-BYOD-Konsole-300x246.jpg 300w, https:\/\/blog.cortado.com\/wp-content\/uploads\/COBO-BYOD-Konsole-768x629.jpg 768w\" sizes=\"(max-width: 820px) 100vw, 820px\" \/><figcaption class=\"wp-element-caption\">Das Cortado MDM unterst\u00fctzt COBO und BYOD \u2013 auch Mischkonzepte sind m\u00f6glich.<\/figcaption><\/figure>\n\n\n\n<p>Achten Sie in jedem Fall darauf, dass Ihre MDM- und MAM-L\u00f6sung genau Ihre Anforderungen an Ihr Konzept erf\u00fcllt. <a href=\"https:\/\/www.cortado.com\/en\/products\/mdm\/\" target=\"_blank\" rel=\"noopener noreferrer\">Cortado MDM<\/a>&nbsp;unterst\u00fctzt beide Ans\u00e4tze mit leistungsstarken MDM- und MAM-Funktionen. Im Handumdrehen richten Sie Ihre Ger\u00e4te ein und w\u00e4hlen einfach mit welchem Ansatz Sie es verwalten wollen. So k\u00f6nnen Sie sogar beide Konzepte parallel umsetzen und beispielsweise nur Mitarbeiter, die mit hochsensiblen Daten arbeiten, mit COBO-Ger\u00e4ten ausstatten.<\/p>\n\n\n\n<div class=\"wp-block-media-text alignwide is-image-fill has-background is-stacked-on-mobile has-very-light-gray-background-color\"><figure class=\"wp-block-media-text__media\" style=\"background-image:url(https:\/\/cortadoblog1.wpengine.com\/wp-content\/uploads\/BYOD-Vertrag-Leser.jpg);background-position:50% 50%\"><img loading=\"lazy\" decoding=\"async\" width=\"800\" height=\"450\" src=\"https:\/\/cortadoblog1.wpengine.com\/wp-content\/uploads\/BYOD-Vertrag-Leser.jpg\" alt=\"BYOD-Mustervertrag\" class=\"wp-image-3148 size-full\" srcset=\"https:\/\/blog.cortado.com\/wp-content\/uploads\/BYOD-Vertrag-Leser.jpg 800w, https:\/\/blog.cortado.com\/wp-content\/uploads\/BYOD-Vertrag-Leser-300x169.jpg 300w, https:\/\/blog.cortado.com\/wp-content\/uploads\/BYOD-Vertrag-Leser-768x432.jpg 768w\" sizes=\"(max-width: 800px) 100vw, 800px\" \/><\/figure><div class=\"wp-block-media-text__content\">\n<div style=\"height:50px\" aria-hidden=\"true\" class=\"wp-block-spacer\"><\/div>\n\n\n\n<p class=\"has-x-large-font-size\"><strong>Kostenloser BYOD-Mustervertrag<\/strong><\/p>\n\n\n\n<p><\/p>\n\n\n\n<p>Sie m\u00f6chten BYOD einf\u00fchren und suchen nach einer kostenlosen Vorlage zur vertraglichen Regelung mit Mitarbeiter.innen? Hier ist sie.<\/p>\n\n\n\n<div style=\"height:25px\" aria-hidden=\"true\" class=\"wp-block-spacer\"><\/div>\n\n\n\n<div class=\"wp-block-buttons is-layout-flex wp-block-buttons-is-layout-flex\">\n<div class=\"wp-block-button\"><a class=\"wp-block-button__link has-text-color has-background wp-element-button\" href=\"https:\/\/www.cortado.com\/de\/ressource\/byod-mustervertrag\/\" style=\"border-radius:5px;color:#ffffff;background-color:#414758\" target=\"_blank\" rel=\"noreferrer noopener\">Jetzt herunterladen<\/a><\/div>\n<\/div>\n\n\n\n<div style=\"height:50px\" aria-hidden=\"true\" class=\"wp-block-spacer\"><\/div>\n<\/div><\/div>\n","protected":false},"excerpt":{"rendered":"<p>Haben Unternehmen sich entschieden, ihren Mitarbeitern mobiles Arbeiten zu erm\u00f6glichen, stellt sich die Frage nach dem WIE. Ist es Mitarbeitern gestattet, ihre eigenen Ger\u00e4te zu verwenden, oder werden firmeneigene Ger\u00e4te angeschafft? Wir nehmen beide M\u00f6glichkeiten unter die Lupe und erkl\u00e4ren den Unterschied zwischen den Konzepten BYOD und COBO.<\/p>\n","protected":false},"author":13,"featured_media":1173,"comment_status":"closed","ping_status":"open","sticky":false,"template":"","format":"standard","meta":{"_acf_changed":false,"footnotes":""},"categories":[385],"tags":[389],"class_list":["post-1172","post","type-post","status-publish","format-standard","has-post-thumbnail","hentry","category-mobile-strategien","tag-mobile-strategien"],"acf":[],"yoast_head":"<!-- This site is optimized with the Yoast SEO Premium plugin v24.1 (Yoast SEO v25.6) - https:\/\/yoast.com\/wordpress\/plugins\/seo\/ -->\n<title>Was ist der Unterschied zwischen BYOD und COBO?<\/title>\n<meta name=\"description\" content=\"Haben Unternehmen sich entschieden, ihren Mitarbeitern mobiles Arbeiten zu erm\u00f6glichen, stellt sich die Frage nach dem &quot;WIE?&quot;\" \/>\n<meta name=\"robots\" content=\"index, follow, max-snippet:-1, max-image-preview:large, max-video-preview:-1\" \/>\n<link rel=\"canonical\" href=\"https:\/\/blog.cortado.com\/de\/mobility-basics-was-ist-der-unterschied-zwischen-byod-und-cobo\/\" \/>\n<meta property=\"og:locale\" content=\"de_DE\" \/>\n<meta property=\"og:type\" content=\"article\" \/>\n<meta property=\"og:title\" content=\"Was ist der Unterschied zwischen BYOD und COBO?\" \/>\n<meta property=\"og:description\" content=\"Haben Unternehmen sich entschieden, ihren Mitarbeitern mobiles Arbeiten zu erm\u00f6glichen, stellt sich die Frage nach dem &quot;WIE?&quot;\" \/>\n<meta property=\"og:url\" content=\"https:\/\/blog.cortado.com\/de\/mobility-basics-was-ist-der-unterschied-zwischen-byod-und-cobo\/\" \/>\n<meta property=\"og:site_name\" content=\"Cortado Blog\" \/>\n<meta property=\"article:published_time\" content=\"2019-03-13T10:21:48+00:00\" \/>\n<meta property=\"article:modified_time\" content=\"2024-11-04T11:35:06+00:00\" \/>\n<meta property=\"og:image\" content=\"https:\/\/blog.cortado.com\/wp-content\/uploads\/was-ist-der-unterschied-zwischen-byod-cobo.jpg\" \/>\n\t<meta property=\"og:image:width\" content=\"1500\" \/>\n\t<meta property=\"og:image:height\" content=\"747\" \/>\n\t<meta property=\"og:image:type\" content=\"image\/jpeg\" \/>\n<meta name=\"author\" content=\"Lisa Vega\" \/>\n<meta name=\"twitter:card\" content=\"summary_large_image\" \/>\n<meta name=\"twitter:label1\" content=\"Verfasst von\" \/>\n\t<meta name=\"twitter:data1\" content=\"Lisa Vega\" \/>\n\t<meta name=\"twitter:label2\" content=\"Gesch\u00e4tzte Lesezeit\" \/>\n\t<meta name=\"twitter:data2\" content=\"7 Minuten\" \/>\n<script type=\"application\/ld+json\" class=\"yoast-schema-graph\">{\"@context\":\"https:\/\/schema.org\",\"@graph\":[{\"@type\":\"Article\",\"@id\":\"https:\/\/blog.cortado.com\/de\/mobility-basics-was-ist-der-unterschied-zwischen-byod-und-cobo\/#article\",\"isPartOf\":{\"@id\":\"https:\/\/blog.cortado.com\/de\/mobility-basics-was-ist-der-unterschied-zwischen-byod-und-cobo\/\"},\"author\":{\"name\":\"Lisa Vega\",\"@id\":\"https:\/\/blog.cortado.com\/de\/#\/schema\/person\/089955db294c48e810c575b433ded367\"},\"headline\":\"Was ist der Unterschied zwischen BYOD und COBO?\",\"datePublished\":\"2019-03-13T10:21:48+00:00\",\"dateModified\":\"2024-11-04T11:35:06+00:00\",\"mainEntityOfPage\":{\"@id\":\"https:\/\/blog.cortado.com\/de\/mobility-basics-was-ist-der-unterschied-zwischen-byod-und-cobo\/\"},\"wordCount\":704,\"publisher\":{\"@id\":\"https:\/\/blog.cortado.com\/de\/#organization\"},\"image\":{\"@id\":\"https:\/\/blog.cortado.com\/de\/mobility-basics-was-ist-der-unterschied-zwischen-byod-und-cobo\/#primaryimage\"},\"thumbnailUrl\":\"https:\/\/blog.cortado.com\/wp-content\/uploads\/was-ist-der-unterschied-zwischen-byod-cobo.jpg\",\"keywords\":[\"Mobile Strategien\"],\"articleSection\":[\"Mobile Strategien &amp; Arbeitskonzepte\"],\"inLanguage\":\"de-DE\"},{\"@type\":\"WebPage\",\"@id\":\"https:\/\/blog.cortado.com\/de\/mobility-basics-was-ist-der-unterschied-zwischen-byod-und-cobo\/\",\"url\":\"https:\/\/blog.cortado.com\/de\/mobility-basics-was-ist-der-unterschied-zwischen-byod-und-cobo\/\",\"name\":\"Was ist der Unterschied zwischen BYOD und COBO?\",\"isPartOf\":{\"@id\":\"https:\/\/blog.cortado.com\/de\/#website\"},\"primaryImageOfPage\":{\"@id\":\"https:\/\/blog.cortado.com\/de\/mobility-basics-was-ist-der-unterschied-zwischen-byod-und-cobo\/#primaryimage\"},\"image\":{\"@id\":\"https:\/\/blog.cortado.com\/de\/mobility-basics-was-ist-der-unterschied-zwischen-byod-und-cobo\/#primaryimage\"},\"thumbnailUrl\":\"https:\/\/blog.cortado.com\/wp-content\/uploads\/was-ist-der-unterschied-zwischen-byod-cobo.jpg\",\"datePublished\":\"2019-03-13T10:21:48+00:00\",\"dateModified\":\"2024-11-04T11:35:06+00:00\",\"description\":\"Haben Unternehmen sich entschieden, ihren Mitarbeitern mobiles Arbeiten zu erm\u00f6glichen, stellt sich die Frage nach dem \\\"WIE?\\\"\",\"breadcrumb\":{\"@id\":\"https:\/\/blog.cortado.com\/de\/mobility-basics-was-ist-der-unterschied-zwischen-byod-und-cobo\/#breadcrumb\"},\"inLanguage\":\"de-DE\",\"potentialAction\":[{\"@type\":\"ReadAction\",\"target\":[\"https:\/\/blog.cortado.com\/de\/mobility-basics-was-ist-der-unterschied-zwischen-byod-und-cobo\/\"]}]},{\"@type\":\"ImageObject\",\"inLanguage\":\"de-DE\",\"@id\":\"https:\/\/blog.cortado.com\/de\/mobility-basics-was-ist-der-unterschied-zwischen-byod-und-cobo\/#primaryimage\",\"url\":\"https:\/\/blog.cortado.com\/wp-content\/uploads\/was-ist-der-unterschied-zwischen-byod-cobo.jpg\",\"contentUrl\":\"https:\/\/blog.cortado.com\/wp-content\/uploads\/was-ist-der-unterschied-zwischen-byod-cobo.jpg\",\"width\":1500,\"height\":747,\"caption\":\"BYOD oder COBO beginnt mit der Frage, welche Ger\u00e4te im Unternehmen erlaubt sind.\"},{\"@type\":\"BreadcrumbList\",\"@id\":\"https:\/\/blog.cortado.com\/de\/mobility-basics-was-ist-der-unterschied-zwischen-byod-und-cobo\/#breadcrumb\",\"itemListElement\":[{\"@type\":\"ListItem\",\"position\":1,\"name\":\"Home\",\"item\":\"https:\/\/blog.cortado.com\/de\/\"},{\"@type\":\"ListItem\",\"position\":2,\"name\":\"Was ist der Unterschied zwischen BYOD und COBO?\"}]},{\"@type\":\"WebSite\",\"@id\":\"https:\/\/blog.cortado.com\/de\/#website\",\"url\":\"https:\/\/blog.cortado.com\/de\/\",\"name\":\"Cortado Blog\",\"description\":\"News from Cortado\",\"publisher\":{\"@id\":\"https:\/\/blog.cortado.com\/de\/#organization\"},\"potentialAction\":[{\"@type\":\"SearchAction\",\"target\":{\"@type\":\"EntryPoint\",\"urlTemplate\":\"https:\/\/blog.cortado.com\/de\/?s={search_term_string}\"},\"query-input\":{\"@type\":\"PropertyValueSpecification\",\"valueRequired\":true,\"valueName\":\"search_term_string\"}}],\"inLanguage\":\"de-DE\"},{\"@type\":\"Organization\",\"@id\":\"https:\/\/blog.cortado.com\/de\/#organization\",\"name\":\"Cortado Blog\",\"url\":\"https:\/\/blog.cortado.com\/de\/\",\"logo\":{\"@type\":\"ImageObject\",\"inLanguage\":\"de-DE\",\"@id\":\"https:\/\/blog.cortado.com\/de\/#\/schema\/logo\/image\/\",\"url\":\"https:\/\/blog.cortado.com\/wp-content\/uploads\/cortado-blog-logo.svg\",\"contentUrl\":\"https:\/\/blog.cortado.com\/wp-content\/uploads\/cortado-blog-logo.svg\",\"width\":226,\"height\":32,\"caption\":\"Cortado Blog\"},\"image\":{\"@id\":\"https:\/\/blog.cortado.com\/de\/#\/schema\/logo\/image\/\"}},{\"@type\":\"Person\",\"@id\":\"https:\/\/blog.cortado.com\/de\/#\/schema\/person\/089955db294c48e810c575b433ded367\",\"name\":\"Lisa Vega\",\"image\":{\"@type\":\"ImageObject\",\"inLanguage\":\"de-DE\",\"@id\":\"https:\/\/blog.cortado.com\/de\/#\/schema\/person\/image\/\",\"url\":\"https:\/\/secure.gravatar.com\/avatar\/8d5b0d8c200a7ee149985cdcad50cabf?s=96&d=mm&r=g\",\"contentUrl\":\"https:\/\/secure.gravatar.com\/avatar\/8d5b0d8c200a7ee149985cdcad50cabf?s=96&d=mm&r=g\",\"caption\":\"Lisa Vega\"},\"url\":\"https:\/\/blog.cortado.com\/de\/author\/inesrei\/\"}]}<\/script>\n<!-- \/ Yoast SEO Premium plugin. -->","yoast_head_json":{"title":"Was ist der Unterschied zwischen BYOD und COBO?","description":"Haben Unternehmen sich entschieden, ihren Mitarbeitern mobiles Arbeiten zu erm\u00f6glichen, stellt sich die Frage nach dem \"WIE?\"","robots":{"index":"index","follow":"follow","max-snippet":"max-snippet:-1","max-image-preview":"max-image-preview:large","max-video-preview":"max-video-preview:-1"},"canonical":"https:\/\/blog.cortado.com\/de\/mobility-basics-was-ist-der-unterschied-zwischen-byod-und-cobo\/","og_locale":"de_DE","og_type":"article","og_title":"Was ist der Unterschied zwischen BYOD und COBO?","og_description":"Haben Unternehmen sich entschieden, ihren Mitarbeitern mobiles Arbeiten zu erm\u00f6glichen, stellt sich die Frage nach dem \"WIE?\"","og_url":"https:\/\/blog.cortado.com\/de\/mobility-basics-was-ist-der-unterschied-zwischen-byod-und-cobo\/","og_site_name":"Cortado Blog","article_published_time":"2019-03-13T10:21:48+00:00","article_modified_time":"2024-11-04T11:35:06+00:00","og_image":[{"width":1500,"height":747,"url":"https:\/\/blog.cortado.com\/wp-content\/uploads\/was-ist-der-unterschied-zwischen-byod-cobo.jpg","type":"image\/jpeg"}],"author":"Lisa Vega","twitter_card":"summary_large_image","twitter_misc":{"Verfasst von":"Lisa Vega","Gesch\u00e4tzte Lesezeit":"7 Minuten"},"schema":{"@context":"https:\/\/schema.org","@graph":[{"@type":"Article","@id":"https:\/\/blog.cortado.com\/de\/mobility-basics-was-ist-der-unterschied-zwischen-byod-und-cobo\/#article","isPartOf":{"@id":"https:\/\/blog.cortado.com\/de\/mobility-basics-was-ist-der-unterschied-zwischen-byod-und-cobo\/"},"author":{"name":"Lisa Vega","@id":"https:\/\/blog.cortado.com\/de\/#\/schema\/person\/089955db294c48e810c575b433ded367"},"headline":"Was ist der Unterschied zwischen BYOD und COBO?","datePublished":"2019-03-13T10:21:48+00:00","dateModified":"2024-11-04T11:35:06+00:00","mainEntityOfPage":{"@id":"https:\/\/blog.cortado.com\/de\/mobility-basics-was-ist-der-unterschied-zwischen-byod-und-cobo\/"},"wordCount":704,"publisher":{"@id":"https:\/\/blog.cortado.com\/de\/#organization"},"image":{"@id":"https:\/\/blog.cortado.com\/de\/mobility-basics-was-ist-der-unterschied-zwischen-byod-und-cobo\/#primaryimage"},"thumbnailUrl":"https:\/\/blog.cortado.com\/wp-content\/uploads\/was-ist-der-unterschied-zwischen-byod-cobo.jpg","keywords":["Mobile Strategien"],"articleSection":["Mobile Strategien &amp; Arbeitskonzepte"],"inLanguage":"de-DE"},{"@type":"WebPage","@id":"https:\/\/blog.cortado.com\/de\/mobility-basics-was-ist-der-unterschied-zwischen-byod-und-cobo\/","url":"https:\/\/blog.cortado.com\/de\/mobility-basics-was-ist-der-unterschied-zwischen-byod-und-cobo\/","name":"Was ist der Unterschied zwischen BYOD und COBO?","isPartOf":{"@id":"https:\/\/blog.cortado.com\/de\/#website"},"primaryImageOfPage":{"@id":"https:\/\/blog.cortado.com\/de\/mobility-basics-was-ist-der-unterschied-zwischen-byod-und-cobo\/#primaryimage"},"image":{"@id":"https:\/\/blog.cortado.com\/de\/mobility-basics-was-ist-der-unterschied-zwischen-byod-und-cobo\/#primaryimage"},"thumbnailUrl":"https:\/\/blog.cortado.com\/wp-content\/uploads\/was-ist-der-unterschied-zwischen-byod-cobo.jpg","datePublished":"2019-03-13T10:21:48+00:00","dateModified":"2024-11-04T11:35:06+00:00","description":"Haben Unternehmen sich entschieden, ihren Mitarbeitern mobiles Arbeiten zu erm\u00f6glichen, stellt sich die Frage nach dem \"WIE?\"","breadcrumb":{"@id":"https:\/\/blog.cortado.com\/de\/mobility-basics-was-ist-der-unterschied-zwischen-byod-und-cobo\/#breadcrumb"},"inLanguage":"de-DE","potentialAction":[{"@type":"ReadAction","target":["https:\/\/blog.cortado.com\/de\/mobility-basics-was-ist-der-unterschied-zwischen-byod-und-cobo\/"]}]},{"@type":"ImageObject","inLanguage":"de-DE","@id":"https:\/\/blog.cortado.com\/de\/mobility-basics-was-ist-der-unterschied-zwischen-byod-und-cobo\/#primaryimage","url":"https:\/\/blog.cortado.com\/wp-content\/uploads\/was-ist-der-unterschied-zwischen-byod-cobo.jpg","contentUrl":"https:\/\/blog.cortado.com\/wp-content\/uploads\/was-ist-der-unterschied-zwischen-byod-cobo.jpg","width":1500,"height":747,"caption":"BYOD oder COBO beginnt mit der Frage, welche Ger\u00e4te im Unternehmen erlaubt sind."},{"@type":"BreadcrumbList","@id":"https:\/\/blog.cortado.com\/de\/mobility-basics-was-ist-der-unterschied-zwischen-byod-und-cobo\/#breadcrumb","itemListElement":[{"@type":"ListItem","position":1,"name":"Home","item":"https:\/\/blog.cortado.com\/de\/"},{"@type":"ListItem","position":2,"name":"Was ist der Unterschied zwischen BYOD und COBO?"}]},{"@type":"WebSite","@id":"https:\/\/blog.cortado.com\/de\/#website","url":"https:\/\/blog.cortado.com\/de\/","name":"Cortado Blog","description":"News from Cortado","publisher":{"@id":"https:\/\/blog.cortado.com\/de\/#organization"},"potentialAction":[{"@type":"SearchAction","target":{"@type":"EntryPoint","urlTemplate":"https:\/\/blog.cortado.com\/de\/?s={search_term_string}"},"query-input":{"@type":"PropertyValueSpecification","valueRequired":true,"valueName":"search_term_string"}}],"inLanguage":"de-DE"},{"@type":"Organization","@id":"https:\/\/blog.cortado.com\/de\/#organization","name":"Cortado Blog","url":"https:\/\/blog.cortado.com\/de\/","logo":{"@type":"ImageObject","inLanguage":"de-DE","@id":"https:\/\/blog.cortado.com\/de\/#\/schema\/logo\/image\/","url":"https:\/\/blog.cortado.com\/wp-content\/uploads\/cortado-blog-logo.svg","contentUrl":"https:\/\/blog.cortado.com\/wp-content\/uploads\/cortado-blog-logo.svg","width":226,"height":32,"caption":"Cortado Blog"},"image":{"@id":"https:\/\/blog.cortado.com\/de\/#\/schema\/logo\/image\/"}},{"@type":"Person","@id":"https:\/\/blog.cortado.com\/de\/#\/schema\/person\/089955db294c48e810c575b433ded367","name":"Lisa Vega","image":{"@type":"ImageObject","inLanguage":"de-DE","@id":"https:\/\/blog.cortado.com\/de\/#\/schema\/person\/image\/","url":"https:\/\/secure.gravatar.com\/avatar\/8d5b0d8c200a7ee149985cdcad50cabf?s=96&d=mm&r=g","contentUrl":"https:\/\/secure.gravatar.com\/avatar\/8d5b0d8c200a7ee149985cdcad50cabf?s=96&d=mm&r=g","caption":"Lisa Vega"},"url":"https:\/\/blog.cortado.com\/de\/author\/inesrei\/"}]}},"_links":{"self":[{"href":"https:\/\/blog.cortado.com\/de\/wp-json\/wp\/v2\/posts\/1172"}],"collection":[{"href":"https:\/\/blog.cortado.com\/de\/wp-json\/wp\/v2\/posts"}],"about":[{"href":"https:\/\/blog.cortado.com\/de\/wp-json\/wp\/v2\/types\/post"}],"author":[{"embeddable":true,"href":"https:\/\/blog.cortado.com\/de\/wp-json\/wp\/v2\/users\/13"}],"replies":[{"embeddable":true,"href":"https:\/\/blog.cortado.com\/de\/wp-json\/wp\/v2\/comments?post=1172"}],"version-history":[{"count":0,"href":"https:\/\/blog.cortado.com\/de\/wp-json\/wp\/v2\/posts\/1172\/revisions"}],"wp:featuredmedia":[{"embeddable":true,"href":"https:\/\/blog.cortado.com\/de\/wp-json\/wp\/v2\/media\/1173"}],"wp:attachment":[{"href":"https:\/\/blog.cortado.com\/de\/wp-json\/wp\/v2\/media?parent=1172"}],"wp:term":[{"taxonomy":"category","embeddable":true,"href":"https:\/\/blog.cortado.com\/de\/wp-json\/wp\/v2\/categories?post=1172"},{"taxonomy":"post_tag","embeddable":true,"href":"https:\/\/blog.cortado.com\/de\/wp-json\/wp\/v2\/tags?post=1172"}],"curies":[{"name":"wp","href":"https:\/\/api.w.org\/{rel}","templated":true}]}}