{"id":3183,"date":"2016-05-18T12:34:00","date_gmt":"2016-05-18T12:34:00","guid":{"rendered":"https:\/\/cortadoblog1.wpengine.com\/byod-cope-erfahrungsbericht\/"},"modified":"2025-02-24T15:43:52","modified_gmt":"2025-02-24T15:43:52","slug":"byod-cope-erfahrungsbericht","status":"publish","type":"post","link":"https:\/\/blog.cortado.com\/de\/byod-cope-erfahrungsbericht\/","title":{"rendered":"BYOD und COPE: Ein Erfahrungsbericht (Best Practice)"},"content":{"rendered":"\n<p class=\"has-medium-font-size\">Denken Sie \u00fcber die Einf\u00fchrung von BYOD (Bring Your Own Device) oder COPE (Corporate Owned, Personally Enabled) nach? Dann lesen Sie weiter. Wir berichten von unseren eigenen Erfahrungen mit diesen Programmen.<\/p>\n\n\n\n<figure class=\"wp-block-image size-large\"><img loading=\"lazy\" decoding=\"async\" width=\"1000\" height=\"525\" src=\"https:\/\/blog.cortado.com\/wp-content\/uploads\/byod-cope-erfahrungsbericht.jpg\" alt=\"BYOD-COPE-Erfahrungen\" class=\"wp-image-3184\" srcset=\"https:\/\/blog.cortado.com\/wp-content\/uploads\/byod-cope-erfahrungsbericht.jpg 1000w, https:\/\/blog.cortado.com\/wp-content\/uploads\/byod-cope-erfahrungsbericht-300x158.jpg 300w, https:\/\/blog.cortado.com\/wp-content\/uploads\/byod-cope-erfahrungsbericht-768x403.jpg 768w\" sizes=\"(max-width: 1000px) 100vw, 1000px\" \/><figcaption class=\"wp-element-caption\">Bei Cortado sind Handys l\u00e4ngst in den Arbeitsalltag integriert. Dank BYOD-COPE-Konzept und MDM-System k\u00f6nnen Mitarbeiter die Ger\u00e4te sicher f\u00fcr berufliche und private Zwecke nutzen. <\/figcaption><\/figure>\n\n\n\n<p>Die Cortado Holding AG hat schon vor Jahren ein Konzept f\u00fcr produktives mobiles Arbeiten ins Leben gerufen. Damit wollten wir unseren Mitarbeitern erm\u00f6glichen, unterwegs und im B\u00fcro gleicherma\u00dfen effizient arbeiten zu k\u00f6nnen. Gleichzeitig bot sich eine perfekte Gelegenheit, unsere eigene Unternehmensmobilit\u00e4tsl\u00f6sung, <a href=\"https:\/\/www.cortado.com\/mdm\/\">Cortado MDM<\/a>, zu implementieren und zu verbessern.<\/p>\n\n\n\n<p>Im zweiten Quartal des Jahres 2013 begannen wir mit der Entwicklung eines BYOD-(Bring Your Own Device) und COPE-Konzepts (Corporate Owned, Personally Enabled). <\/p>\n\n\n\n<h2 class=\"wp-block-heading\" id=\"h-byod-oder-cope-was-eignet-sich-besser\">BYOD oder COPE: Was eignet sich besser?<\/h2>\n\n\n\n<p>F\u00fcr uns ergab es keinen Sinn, unsere Mitarbeiter entweder auf COPE oder BYOD zu beschr\u00e4nken. Stattdessen f\u00fchrten wir eine Mischung aus beiden ein. Die Wahl zwischen pers\u00f6nlichen oder firmeneigenen Ger\u00e4ten hing von den Mitarbeitern und ihrer jeweiligen T\u00e4tigkeit ab. <\/p>\n\n\n\n<p>Eine n\u00fctzliche Einschr\u00e4nkung setzten wir jedoch durch: In unserer Mobility-Strategie werden nur Ger\u00e4te zugelassen, die das Apple- oder Android-Framework f\u00fcr die Verwaltung mobiler Ger\u00e4te sowie alle Cortado-MDM-Funktionen unterst\u00fctzen. Dies schloss Windows-Telefone, Fairphones mit Ubuntu oder Symbian oder andere \u201eVintage\u201c-Ger\u00e4te mit extrem veralteten Versionen von Android oder iOS aus. <\/p>\n\n\n\n<p>Die Mitarbeiter konnten dennoch aus einer Vielzahl von Smartphones und Tablets mit den Betriebssystemen iOS und Android neuerer Generationen w\u00e4hlen. <\/p>\n\n\n\n<h2 class=\"wp-block-heading\" id=\"h-entscheidend-transparenz-und-eine-gute-kommunikation\">Entscheidend: Transparenz und eine gute Kommunikation<\/h2>\n\n\n\n<p>F\u00fcr den Entwurf einer Fair-Use-Richtlinie f\u00fcr unsere BYOD- und COPE-Initiativen waren unsere Personal- und Rechtsabteilungen verantwortlich. Um sicherzustellen, dass die Nutzer zufrieden und die Adaptionsraten hoch sind, war es f\u00fcr die Personalabteilung wichtig, einige Mythen bez\u00fcglich BYOD und COPE zu entlarven. <\/p>\n\n\n\n<p>&#8222;Einige Mitarbeiter dachten, dass sie nun ihre E-Mails nach der Arbeit \u00fcberpr\u00fcfen m\u00fcssten, w\u00e4hrend andere annahmen, dass das Unternehmen in der Lage sein w\u00fcrde, ihre pers\u00f6nlichen Anwendungen auszuspionieren oder ihren Standort heimlich zu verfolgen. In Wirklichkeit sind all diese Bedenken unbegr\u00fcndet&#8220;, erz\u00e4hlt Anne Becker von der Personalabteilung. <\/p>\n\n\n\n<p>&#8222;Entscheidend waren Transparenz und eine gute Kommunikation. Wir haben unseren Kollegen schon sehr fr\u00fch mitgeteilt, dass in das BYOD- und das COPE-Programm Schutzvorkehrungen eingebaut sind, die die Privatsph\u00e4re der Nutzer respektieren und dass beide zu 100% freiwillige Initiativen sind.&#8220;<\/p>\n\n\n\n<div class=\"wp-block-media-text alignwide is-image-fill has-background is-stacked-on-mobile has-very-light-gray-background-color\"><figure class=\"wp-block-media-text__media\" style=\"background-image:url(https:\/\/cortadoblog1.wpengine.com\/wp-content\/uploads\/BYOD-Vertrag-Leser.jpg);background-position:50% 50%\"><img loading=\"lazy\" decoding=\"async\" width=\"800\" height=\"450\" src=\"https:\/\/cortadoblog1.wpengine.com\/wp-content\/uploads\/BYOD-Vertrag-Leser.jpg\" alt=\"BYOD-Mustervertrag\" class=\"wp-image-3148 size-full\" srcset=\"https:\/\/blog.cortado.com\/wp-content\/uploads\/BYOD-Vertrag-Leser.jpg 800w, https:\/\/blog.cortado.com\/wp-content\/uploads\/BYOD-Vertrag-Leser-300x169.jpg 300w, https:\/\/blog.cortado.com\/wp-content\/uploads\/BYOD-Vertrag-Leser-768x432.jpg 768w\" sizes=\"(max-width: 800px) 100vw, 800px\" \/><\/figure><div class=\"wp-block-media-text__content\">\n<div style=\"height:50px\" aria-hidden=\"true\" class=\"wp-block-spacer\"><\/div>\n\n\n\n<p class=\"has-x-large-font-size\"><strong>Kostenloser BYOD-Mustervertrag<\/strong><\/p>\n\n\n\n<p><\/p>\n\n\n\n<p>Sie m\u00f6chten BYOD einf\u00fchren und suchen nach einer kostenlosen Vorlage zur vertraglichen Regelung mit Mitarbeiter.innen? Hier ist sie.<\/p>\n\n\n\n<div style=\"height:25px\" aria-hidden=\"true\" class=\"wp-block-spacer\"><\/div>\n\n\n\n<div class=\"wp-block-buttons is-layout-flex wp-block-buttons-is-layout-flex\">\n<div class=\"wp-block-button\"><a class=\"wp-block-button__link has-text-color has-background wp-element-button\" href=\"https:\/\/www.cortado.com\/de\/ressource\/byod-mustervertrag\/\" style=\"border-radius:5px;color:#ffffff;background-color:#414758\" target=\"_blank\" rel=\"noreferrer noopener\">Jetzt herunterladen<\/a><\/div>\n<\/div>\n\n\n\n<div style=\"height:50px\" aria-hidden=\"true\" class=\"wp-block-spacer\"><\/div>\n<\/div><\/div>\n\n\n\n<p>Zur Aufkl\u00e4rung wurden verschiedene Benachrichtigungen an die Mitarbeiter verschickt. Flyer und E-Mails informierten \u00fcber die Vorteile des Ger\u00e4temanagements. Diese Ma\u00dfnahmen wirkten sich positiv auf die Adaptionsraten aus und verringerten die Skepsis. In der Zwischenzeit war die Rechtsabteilung f\u00fcr die Kl\u00e4rung mehrerer rechtlicher Aspekte zust\u00e4ndig. <\/p>\n\n\n\n<p>Bei der Er\u00f6rterung der Strategie wurde besonderes Augenmerk auf datenschutzrechtliche Aspekte gelegt. Es ist unabdingbar, dass Unternehmensdaten und private Daten gem\u00e4\u00df der EU-DSGVO voneinander getrennt werden. Mitarbeiter, die sich beteiligen wollen, m\u00fcssen daher der Einhaltung der EU-DSGVO zustimmen, ebenso wie dem Grad der \u00dcberwachung, der sowohl gesetzlich als auch durch die genutzte MDM-Anmeldeoption zul\u00e4ssig ist. Die Einwilligung kann jederzeit widerrufen werden. <\/p>\n\n\n\n<p>Das Arbeitsrecht verlangt auch, dass der Arbeitgeber definiert, wann ein Arbeitnehmer au\u00dferhalb der Arbeitszeit kontaktiert werden darf. Dar\u00fcber hinaus muss der Arbeitgeber sicherstellen, dass er \u00fcber ausreichende Lizenzen f\u00fcr die betriebliche Nutzung der auf dem pers\u00f6nlichen Ger\u00e4t gespeicherten Software verf\u00fcgt, um Urheberrechtsverletzungen zu vermeiden. <\/p>\n\n\n\n<p>Zudem wurden steuerliche Fragen aufgeworfen und haftungsbezogene Regelungen ausgearbeitet, u.a. wurde festgelegt, wer f\u00fcr den Verlust oder die Besch\u00e4digung des pers\u00f6nlichen Ger\u00e4ts und der darauf gespeicherten Unternehmensdaten haftet.<\/p>\n\n\n\n<h2 class=\"wp-block-heading\" id=\"h-schwerpunkte-unserer-leitlinien-zur-fairen-nutzung\">Schwerpunkte unserer Leitlinien zur fairen Nutzung<\/h2>\n\n\n\n<ul class=\"wp-block-list\">\n<li>F\u00fcr alle neu gekauften Ger\u00e4te (einschlie\u00dflich Gebrauchtger\u00e4te) erstattet das Unternehmen die H\u00e4lfte der Anschaffungskosten als Mitarbeitervorteil. <\/li>\n\n\n\n<li>Alle zwei Jahre kann ein neues Endger\u00e4t erworben werden, wobei der Arbeitgeber jedes Mal die H\u00e4lfte des Kaufpreises bezahlt. <\/li>\n\n\n\n<li>Das Unternehmen \u00fcbernimmt zudem 50 % der Kosten der monatlich anfallenden Grundgeb\u00fchr (f\u00fcr Mobiltelefonie und mobile Datennutzung). <\/li>\n\n\n\n<li>Wenn ein vorhandenes Ger\u00e4t verwendet wird, \u00fcbernimmt das Unternehmen die H\u00e4lfte der monatlich anfallenden Grundgeb\u00fchr. <\/li>\n\n\n\n<li>Im Gegenzug erkl\u00e4rt sich der Mitarbeiter damit einverstanden, Cortado MDM und das Ger\u00e4t in \u00dcbereinstimmung mit unserer Fair-Use-Richtlinie zu verwenden.<\/li>\n\n\n\n<li>Bei der Ger\u00e4teauswahl ist zu beachten, dass das Ger\u00e4t f\u00fcr Mobile Device Management geeignet sein muss. Ger\u00e4te, auf denen ein Jailbreak durchgef\u00fchrt wurde, sind nicht erlaubt. <\/li>\n\n\n\n<li>Wenn das Ger\u00e4t verloren geht, muss der Benutzer das Unternehmen unverz\u00fcglich informieren, damit die IT-Abteilung alle Unternehmensdaten aus der Ferne von dem Ger\u00e4t l\u00f6schen und das Ger\u00e4t f\u00fcr Dritte unzug\u00e4nglich machen kann.<\/li>\n<\/ul>\n\n\n\n<h2 class=\"wp-block-heading\" id=\"h-gerate-uberblick-und-kontrolle-dank-mdm\">Ger\u00e4te-\u00dcberblick und -Kontrolle dank MDM<\/h2>\n\n\n\n<p>Etwa ein Drittel unserer Belegschaft nimmt derzeit am BYOD-Programm teil. Ca. 30 weitere Mitarbeiter wurden mit COPE-Ger\u00e4ten ausgestattet, die vom Unternehmen geliefert und vollst\u00e4ndig finanziert werden. Die Ger\u00e4te werden zentral \u00fcber die Cortado-MDM-Managementkonsole von unserer IT-Abteilung verwaltet (obwohl die Verwaltung so einfach ist, dass keine spezialisierte IT-Abteilung erforderlich ist). <\/p>\n\n\n\n<p>\u201eIn der Managementkonsole haben wir stets den \u00dcberblick \u00fcber die eingesetzten Ger\u00e4te und Software-Versionen\u201c, berichtet J\u00f6rg Sitek, IT-Leiter der Cortado Holding AG. \u201eWir sehen, welches Ger\u00e4t \u00fcber welche Software-Version verf\u00fcgt und ob sie aktuell ist. Ist sie veraltet, k\u00f6nnen wir den Anwender alarmieren und zum Update auffordern, damit Schwachstellen bei den eingesetzten Ger\u00e4ten schnellstm\u00f6glich geschlossen werden k\u00f6nnen.\u201c <\/p>\n\n\n\n<p>Durch die Nutzung der Geolokalisierung bei Verlust eines firmeneigenen Ger\u00e4ts besteht sogar die M\u00f6glichkeit, das Ger\u00e4t durch Ermitteln seines letzten Standorts wiederzufinden. Cortado MDM bietet auch einen \u201eLost Mode\u201c: IT-Administratoren k\u00f6nnen diesen aktivieren und daf\u00fcr sorgen, dass verlorene Ger\u00e4te gesperrt werden, sobald sie als \u201everloren\u201c gemeldet werden. <\/p>\n\n\n\n<p>Wie bereits erw\u00e4hnt, sind Ger\u00e4te, auf denen ein Jailbreak angewendet wurde, nicht erlaubt, da sie auf dubiose App-Stores zugreifen k\u00f6nnen. Im Gegensatz zu vertrauensw\u00fcrdigen App-Stores, bei denen alle Apps \u00fcberpr\u00fcft werden, ist hier die Wahrscheinlichkeit hoch, dass Apps manipuliert werden. Obwohl in der Fair-Use-Richtlinie die Verwendung solcher Ger\u00e4te untersagt, tr\u00e4gt Cortado MDM \u00fcber seine Einstellungen zus\u00e4tzlich dazu bei, das Risiko durch Ger\u00e4te mit Jailbreak automatisch zu reduzieren.<\/p>\n\n\n\n<h2 class=\"wp-block-heading\" id=\"h-mobiles-arbeiten-bei-cortado\">Mobiles Arbeiten bei Cortado<\/h2>\n\n\n\n<p>F\u00fcr die meisten Mitarbeiter ist der Zugang zu ihren E-Mail-Konten von besonderer Bedeutung. Bei uns muss sich kein Mitarbeiter mit dem verwirrenden Prozess der E-Mail-Einrichtung herumschlagen \u2013 alle notwendigen Konfigurationen werden automatisch auf die Ger\u00e4te \u00fcbertragen. <\/p>\n\n\n\n<p>Wenn Mitarbeiter unterwegs sind, k\u00f6nnen sie unsere hauseigene Cloud-Storage-App Teamplace nutzen, um ihre Dateien zu speichern und mit anderen zu teilen. <\/p>\n\n\n\n<p>Zur Bearbeitung von Dokumenten k\u00f6nnen sie entweder Teamplace oder ihre Microsoft Office Apps verwenden, wobei alle Apps von Cortado MDM verwaltet werden. Und schlie\u00dflich steht den Mitarbeitern unser Angebot an mobilen Druck-Apps zur Verf\u00fcgung. <\/p>\n\n\n\n<p>F\u00fcr die Verteilung und Verwaltung von Apps setzt die IT-Abteilung Cortado MDM ein und nutzt f\u00fcr iOS-Ger\u00e4te das VPP (Volume Purchase Program) von <a href=\"https:\/\/blog.cortado.com\/de\/geraeteverwaltung-mit-apple-business-manager\/\">Apple Business Manager<\/a> und Managed Google Play f\u00fcr Android-Ger\u00e4te: Apps werden zentral eingekauft und den einzelnen Benutzern zugeordnet.<\/p>\n\n\n\n<p>Wenn ein Mitarbeiter das Unternehmen verl\u00e4sst oder sich aus dem BYOD-Programm zur\u00fcckzieht, k\u00f6nnen die Apps einem neuen Anwender zugewiesen werden. Dar\u00fcber hinaus ist sichergestellt, dass unsere Mitarbeiter immer die aktuellen Software-Versionen verwenden. <\/p>\n\n\n\n<figure class=\"wp-block-image size-large\"><img loading=\"lazy\" decoding=\"async\" width=\"705\" height=\"537\" src=\"https:\/\/blog.cortado.com\/wp-content\/uploads\/byod-cope-oekosystem.jpg\" alt=\"\" class=\"wp-image-3185\" srcset=\"https:\/\/blog.cortado.com\/wp-content\/uploads\/byod-cope-oekosystem.jpg 705w, https:\/\/blog.cortado.com\/wp-content\/uploads\/byod-cope-oekosystem-300x229.jpg 300w\" sizes=\"(max-width: 705px) 100vw, 705px\" \/><figcaption class=\"wp-element-caption\">Das BYOD-\/COPE-\u00d6kosystem bei Cortado: Die vereinfachte Abbildung zeigt die wichtigsten Anwendungen und grundlegenden Richtlinien f\u00fcr die Ger\u00e4teverwaltung, die auf jedes Ger\u00e4t \u00fcbertragen werden, um Produktivit\u00e4t und Sicherheit zu gew\u00e4hrleisten.<\/figcaption><\/figure>\n\n\n\n<h2 class=\"wp-block-heading\" id=\"h-fazit\">Fazit<\/h2>\n\n\n\n<p>&#8222;Der f\u00fcr das BYOD-Programm ben\u00f6tigte Supportaufwand ist gering&#8220;, sagt J\u00f6rg Sitek. &#8222;Hin und wieder gibt ein Benutzer eine falsche PIN ein und muss von der IT-Abteilung unterst\u00fctzt werden. Ansonsten sind BYOD und COPE in unserem Unternehmen praktisch und wartungsarm f\u00fcr uns IT-Administratoren.&#8220;<\/p>\n\n\n\n<p>Der Benutzer muss kaum etwas einrichten, und der Zugriff auf die Unternehmensdaten ist jederzeit gew\u00e4hrleistet. Durch den Einsatz von Cortado MDM sind die Anwender schneller startklar f\u00fcr mobiles Arbeiten, w\u00e4hrend die IT entlastet wird. <\/p>\n\n\n\n<div style=\"height:25px\" aria-hidden=\"true\" class=\"wp-block-spacer\"><\/div>\n\n\n\n<div class=\"wp-block-media-text alignwide has-media-on-the-right is-image-fill has-background is-stacked-on-mobile has-very-light-gray-background-color\"><div class=\"wp-block-media-text__content\">\n<p class=\"has-large-font-size\">Handys f\u00fcr Beruf und Privates \u2013 Checkliste<\/p>\n\n\n\n<p>Das sollten Sie beachten, wenn Ihre Mitarbeiter.innen Handys beruflich und privat nutzen.<\/p>\n\n\n\n<div class=\"wp-block-buttons is-layout-flex wp-block-buttons-is-layout-flex\">\n<div class=\"wp-block-button\"><a class=\"wp-block-button__link has-text-color has-background wp-element-button\" href=\"https:\/\/cortado.me\/3umjkgl\" style=\"border-radius:5px;color:#ffffff;background-color:#414758\" target=\"_blank\" rel=\"noreferrer noopener\">Kostenlos herunterladen<\/a><\/div>\n<\/div>\n\n\n\n<div style=\"height:25px\" aria-hidden=\"true\" class=\"wp-block-spacer\"><\/div>\n<\/div><figure class=\"wp-block-media-text__media\" style=\"background-image:url(https:\/\/blog.cortado.com\/wp-content\/uploads\/handys-beruf-privat-checkliste.jpg);background-position:50% 50%\"><img loading=\"lazy\" decoding=\"async\" width=\"800\" height=\"533\" src=\"https:\/\/blog.cortado.com\/wp-content\/uploads\/handys-beruf-privat-checkliste.jpg\" alt=\"Checkliste: Handy f\u00fcr Beruf und Privat\" class=\"wp-image-3150 size-full\" srcset=\"https:\/\/blog.cortado.com\/wp-content\/uploads\/handys-beruf-privat-checkliste.jpg 800w, https:\/\/blog.cortado.com\/wp-content\/uploads\/handys-beruf-privat-checkliste-300x200.jpg 300w, https:\/\/blog.cortado.com\/wp-content\/uploads\/handys-beruf-privat-checkliste-768x512.jpg 768w\" sizes=\"(max-width: 800px) 100vw, 800px\" \/><\/figure><\/div>\n\n\n\n<div style=\"height:100px\" aria-hidden=\"true\" class=\"wp-block-spacer\"><\/div>\n","protected":false},"excerpt":{"rendered":"<p>Bei Cortado setzen wir bereits seit 2013 auf BYOD und COPE. Erfahren Sie alles \u00fcber die Rahmenbedingugen und auf welche Punkte wir besonders geachtet haben. <\/p>\n","protected":false},"author":3,"featured_media":3184,"comment_status":"closed","ping_status":"open","sticky":false,"template":"","format":"standard","meta":{"_acf_changed":false,"footnotes":""},"categories":[385],"tags":[389],"class_list":["post-3183","post","type-post","status-publish","format-standard","has-post-thumbnail","hentry","category-mobile-strategien","tag-mobile-strategien"],"acf":[],"yoast_head":"<!-- This site is optimized with the Yoast SEO Premium plugin v24.1 (Yoast SEO v25.6) - https:\/\/yoast.com\/wordpress\/plugins\/seo\/ -->\n<title>BYOD und COPE: Ein Erfahrungsbericht (Best Practice) - Cortado Blog<\/title>\n<meta name=\"description\" content=\"Bei Cortado setzen wir bereits seit 2013 auf BYOD und COPE. Erfahren Sie alles \u00fcber die Rahmenbedingugen und auf welche Punkte wir besonders geachtet haben.\" \/>\n<meta name=\"robots\" content=\"index, follow, max-snippet:-1, max-image-preview:large, max-video-preview:-1\" \/>\n<link rel=\"canonical\" href=\"https:\/\/blog.cortado.com\/de\/byod-cope-erfahrungsbericht\/\" \/>\n<meta property=\"og:locale\" content=\"de_DE\" \/>\n<meta property=\"og:type\" content=\"article\" \/>\n<meta property=\"og:title\" content=\"BYOD und COPE: Ein Erfahrungsbericht (Best Practice)\" \/>\n<meta property=\"og:description\" content=\"Bei Cortado setzen wir bereits seit 2013 auf BYOD und COPE. Erfahren Sie alles \u00fcber die Rahmenbedingugen und auf welche Punkte wir besonders geachtet haben.\" \/>\n<meta property=\"og:url\" content=\"https:\/\/blog.cortado.com\/de\/byod-cope-erfahrungsbericht\/\" \/>\n<meta property=\"og:site_name\" content=\"Cortado Blog\" \/>\n<meta property=\"article:published_time\" content=\"2016-05-18T12:34:00+00:00\" \/>\n<meta property=\"article:modified_time\" content=\"2025-02-24T15:43:52+00:00\" \/>\n<meta property=\"og:image\" content=\"https:\/\/blog.cortado.com\/wp-content\/uploads\/byod-cope-erfahrungsbericht.jpg\" \/>\n\t<meta property=\"og:image:width\" content=\"1000\" \/>\n\t<meta property=\"og:image:height\" content=\"525\" \/>\n\t<meta property=\"og:image:type\" content=\"image\/jpeg\" \/>\n<meta name=\"author\" content=\"Linda Martin\" \/>\n<meta name=\"twitter:card\" content=\"summary_large_image\" \/>\n<meta name=\"twitter:label1\" content=\"Verfasst von\" \/>\n\t<meta name=\"twitter:data1\" content=\"Linda Martin\" \/>\n\t<meta name=\"twitter:label2\" content=\"Gesch\u00e4tzte Lesezeit\" \/>\n\t<meta name=\"twitter:data2\" content=\"7 Minuten\" \/>\n<script type=\"application\/ld+json\" class=\"yoast-schema-graph\">{\"@context\":\"https:\/\/schema.org\",\"@graph\":[{\"@type\":\"Article\",\"@id\":\"https:\/\/blog.cortado.com\/de\/byod-cope-erfahrungsbericht\/#article\",\"isPartOf\":{\"@id\":\"https:\/\/blog.cortado.com\/de\/byod-cope-erfahrungsbericht\/\"},\"author\":{\"name\":\"Linda Martin\",\"@id\":\"https:\/\/blog.cortado.com\/de\/#\/schema\/person\/f7e94917c1fbebdda51afa275997cc09\"},\"headline\":\"BYOD und COPE: Ein Erfahrungsbericht (Best Practice)\",\"datePublished\":\"2016-05-18T12:34:00+00:00\",\"dateModified\":\"2025-02-24T15:43:52+00:00\",\"mainEntityOfPage\":{\"@id\":\"https:\/\/blog.cortado.com\/de\/byod-cope-erfahrungsbericht\/\"},\"wordCount\":1367,\"publisher\":{\"@id\":\"https:\/\/blog.cortado.com\/de\/#organization\"},\"image\":{\"@id\":\"https:\/\/blog.cortado.com\/de\/byod-cope-erfahrungsbericht\/#primaryimage\"},\"thumbnailUrl\":\"https:\/\/blog.cortado.com\/wp-content\/uploads\/byod-cope-erfahrungsbericht.jpg\",\"keywords\":[\"Mobile Strategien\"],\"articleSection\":[\"Mobile Strategien &amp; Arbeitskonzepte\"],\"inLanguage\":\"de-DE\"},{\"@type\":\"WebPage\",\"@id\":\"https:\/\/blog.cortado.com\/de\/byod-cope-erfahrungsbericht\/\",\"url\":\"https:\/\/blog.cortado.com\/de\/byod-cope-erfahrungsbericht\/\",\"name\":\"BYOD und COPE: Ein Erfahrungsbericht (Best Practice) - Cortado Blog\",\"isPartOf\":{\"@id\":\"https:\/\/blog.cortado.com\/de\/#website\"},\"primaryImageOfPage\":{\"@id\":\"https:\/\/blog.cortado.com\/de\/byod-cope-erfahrungsbericht\/#primaryimage\"},\"image\":{\"@id\":\"https:\/\/blog.cortado.com\/de\/byod-cope-erfahrungsbericht\/#primaryimage\"},\"thumbnailUrl\":\"https:\/\/blog.cortado.com\/wp-content\/uploads\/byod-cope-erfahrungsbericht.jpg\",\"datePublished\":\"2016-05-18T12:34:00+00:00\",\"dateModified\":\"2025-02-24T15:43:52+00:00\",\"description\":\"Bei Cortado setzen wir bereits seit 2013 auf BYOD und COPE. Erfahren Sie alles \u00fcber die Rahmenbedingugen und auf welche Punkte wir besonders geachtet haben.\",\"breadcrumb\":{\"@id\":\"https:\/\/blog.cortado.com\/de\/byod-cope-erfahrungsbericht\/#breadcrumb\"},\"inLanguage\":\"de-DE\",\"potentialAction\":[{\"@type\":\"ReadAction\",\"target\":[\"https:\/\/blog.cortado.com\/de\/byod-cope-erfahrungsbericht\/\"]}]},{\"@type\":\"ImageObject\",\"inLanguage\":\"de-DE\",\"@id\":\"https:\/\/blog.cortado.com\/de\/byod-cope-erfahrungsbericht\/#primaryimage\",\"url\":\"https:\/\/blog.cortado.com\/wp-content\/uploads\/byod-cope-erfahrungsbericht.jpg\",\"contentUrl\":\"https:\/\/blog.cortado.com\/wp-content\/uploads\/byod-cope-erfahrungsbericht.jpg\",\"width\":1000,\"height\":525,\"caption\":\"BYOD-COPE-Erfahrungen\"},{\"@type\":\"BreadcrumbList\",\"@id\":\"https:\/\/blog.cortado.com\/de\/byod-cope-erfahrungsbericht\/#breadcrumb\",\"itemListElement\":[{\"@type\":\"ListItem\",\"position\":1,\"name\":\"Home\",\"item\":\"https:\/\/blog.cortado.com\/de\/\"},{\"@type\":\"ListItem\",\"position\":2,\"name\":\"BYOD und COPE: Ein Erfahrungsbericht (Best Practice)\"}]},{\"@type\":\"WebSite\",\"@id\":\"https:\/\/blog.cortado.com\/de\/#website\",\"url\":\"https:\/\/blog.cortado.com\/de\/\",\"name\":\"Cortado Blog\",\"description\":\"News from Cortado\",\"publisher\":{\"@id\":\"https:\/\/blog.cortado.com\/de\/#organization\"},\"potentialAction\":[{\"@type\":\"SearchAction\",\"target\":{\"@type\":\"EntryPoint\",\"urlTemplate\":\"https:\/\/blog.cortado.com\/de\/?s={search_term_string}\"},\"query-input\":{\"@type\":\"PropertyValueSpecification\",\"valueRequired\":true,\"valueName\":\"search_term_string\"}}],\"inLanguage\":\"de-DE\"},{\"@type\":\"Organization\",\"@id\":\"https:\/\/blog.cortado.com\/de\/#organization\",\"name\":\"Cortado Blog\",\"url\":\"https:\/\/blog.cortado.com\/de\/\",\"logo\":{\"@type\":\"ImageObject\",\"inLanguage\":\"de-DE\",\"@id\":\"https:\/\/blog.cortado.com\/de\/#\/schema\/logo\/image\/\",\"url\":\"https:\/\/blog.cortado.com\/wp-content\/uploads\/cortado-blog-logo.svg\",\"contentUrl\":\"https:\/\/blog.cortado.com\/wp-content\/uploads\/cortado-blog-logo.svg\",\"width\":226,\"height\":32,\"caption\":\"Cortado Blog\"},\"image\":{\"@id\":\"https:\/\/blog.cortado.com\/de\/#\/schema\/logo\/image\/\"}},{\"@type\":\"Person\",\"@id\":\"https:\/\/blog.cortado.com\/de\/#\/schema\/person\/f7e94917c1fbebdda51afa275997cc09\",\"name\":\"Linda Martin\",\"image\":{\"@type\":\"ImageObject\",\"inLanguage\":\"de-DE\",\"@id\":\"https:\/\/blog.cortado.com\/de\/#\/schema\/person\/image\/\",\"url\":\"https:\/\/secure.gravatar.com\/avatar\/2197ceca0400b043f8d82d416c50ee76?s=96&d=mm&r=g\",\"contentUrl\":\"https:\/\/secure.gravatar.com\/avatar\/2197ceca0400b043f8d82d416c50ee76?s=96&d=mm&r=g\",\"caption\":\"Linda Martin\"},\"url\":\"https:\/\/blog.cortado.com\/de\/author\/limar\/\"}]}<\/script>\n<!-- \/ Yoast SEO Premium plugin. -->","yoast_head_json":{"title":"BYOD und COPE: Ein Erfahrungsbericht (Best Practice) - Cortado Blog","description":"Bei Cortado setzen wir bereits seit 2013 auf BYOD und COPE. Erfahren Sie alles \u00fcber die Rahmenbedingugen und auf welche Punkte wir besonders geachtet haben.","robots":{"index":"index","follow":"follow","max-snippet":"max-snippet:-1","max-image-preview":"max-image-preview:large","max-video-preview":"max-video-preview:-1"},"canonical":"https:\/\/blog.cortado.com\/de\/byod-cope-erfahrungsbericht\/","og_locale":"de_DE","og_type":"article","og_title":"BYOD und COPE: Ein Erfahrungsbericht (Best Practice)","og_description":"Bei Cortado setzen wir bereits seit 2013 auf BYOD und COPE. Erfahren Sie alles \u00fcber die Rahmenbedingugen und auf welche Punkte wir besonders geachtet haben.","og_url":"https:\/\/blog.cortado.com\/de\/byod-cope-erfahrungsbericht\/","og_site_name":"Cortado Blog","article_published_time":"2016-05-18T12:34:00+00:00","article_modified_time":"2025-02-24T15:43:52+00:00","og_image":[{"width":1000,"height":525,"url":"https:\/\/blog.cortado.com\/wp-content\/uploads\/byod-cope-erfahrungsbericht.jpg","type":"image\/jpeg"}],"author":"Linda Martin","twitter_card":"summary_large_image","twitter_misc":{"Verfasst von":"Linda Martin","Gesch\u00e4tzte Lesezeit":"7 Minuten"},"schema":{"@context":"https:\/\/schema.org","@graph":[{"@type":"Article","@id":"https:\/\/blog.cortado.com\/de\/byod-cope-erfahrungsbericht\/#article","isPartOf":{"@id":"https:\/\/blog.cortado.com\/de\/byod-cope-erfahrungsbericht\/"},"author":{"name":"Linda Martin","@id":"https:\/\/blog.cortado.com\/de\/#\/schema\/person\/f7e94917c1fbebdda51afa275997cc09"},"headline":"BYOD und COPE: Ein Erfahrungsbericht (Best Practice)","datePublished":"2016-05-18T12:34:00+00:00","dateModified":"2025-02-24T15:43:52+00:00","mainEntityOfPage":{"@id":"https:\/\/blog.cortado.com\/de\/byod-cope-erfahrungsbericht\/"},"wordCount":1367,"publisher":{"@id":"https:\/\/blog.cortado.com\/de\/#organization"},"image":{"@id":"https:\/\/blog.cortado.com\/de\/byod-cope-erfahrungsbericht\/#primaryimage"},"thumbnailUrl":"https:\/\/blog.cortado.com\/wp-content\/uploads\/byod-cope-erfahrungsbericht.jpg","keywords":["Mobile Strategien"],"articleSection":["Mobile Strategien &amp; Arbeitskonzepte"],"inLanguage":"de-DE"},{"@type":"WebPage","@id":"https:\/\/blog.cortado.com\/de\/byod-cope-erfahrungsbericht\/","url":"https:\/\/blog.cortado.com\/de\/byod-cope-erfahrungsbericht\/","name":"BYOD und COPE: Ein Erfahrungsbericht (Best Practice) - Cortado Blog","isPartOf":{"@id":"https:\/\/blog.cortado.com\/de\/#website"},"primaryImageOfPage":{"@id":"https:\/\/blog.cortado.com\/de\/byod-cope-erfahrungsbericht\/#primaryimage"},"image":{"@id":"https:\/\/blog.cortado.com\/de\/byod-cope-erfahrungsbericht\/#primaryimage"},"thumbnailUrl":"https:\/\/blog.cortado.com\/wp-content\/uploads\/byod-cope-erfahrungsbericht.jpg","datePublished":"2016-05-18T12:34:00+00:00","dateModified":"2025-02-24T15:43:52+00:00","description":"Bei Cortado setzen wir bereits seit 2013 auf BYOD und COPE. Erfahren Sie alles \u00fcber die Rahmenbedingugen und auf welche Punkte wir besonders geachtet haben.","breadcrumb":{"@id":"https:\/\/blog.cortado.com\/de\/byod-cope-erfahrungsbericht\/#breadcrumb"},"inLanguage":"de-DE","potentialAction":[{"@type":"ReadAction","target":["https:\/\/blog.cortado.com\/de\/byod-cope-erfahrungsbericht\/"]}]},{"@type":"ImageObject","inLanguage":"de-DE","@id":"https:\/\/blog.cortado.com\/de\/byod-cope-erfahrungsbericht\/#primaryimage","url":"https:\/\/blog.cortado.com\/wp-content\/uploads\/byod-cope-erfahrungsbericht.jpg","contentUrl":"https:\/\/blog.cortado.com\/wp-content\/uploads\/byod-cope-erfahrungsbericht.jpg","width":1000,"height":525,"caption":"BYOD-COPE-Erfahrungen"},{"@type":"BreadcrumbList","@id":"https:\/\/blog.cortado.com\/de\/byod-cope-erfahrungsbericht\/#breadcrumb","itemListElement":[{"@type":"ListItem","position":1,"name":"Home","item":"https:\/\/blog.cortado.com\/de\/"},{"@type":"ListItem","position":2,"name":"BYOD und COPE: Ein Erfahrungsbericht (Best Practice)"}]},{"@type":"WebSite","@id":"https:\/\/blog.cortado.com\/de\/#website","url":"https:\/\/blog.cortado.com\/de\/","name":"Cortado Blog","description":"News from Cortado","publisher":{"@id":"https:\/\/blog.cortado.com\/de\/#organization"},"potentialAction":[{"@type":"SearchAction","target":{"@type":"EntryPoint","urlTemplate":"https:\/\/blog.cortado.com\/de\/?s={search_term_string}"},"query-input":{"@type":"PropertyValueSpecification","valueRequired":true,"valueName":"search_term_string"}}],"inLanguage":"de-DE"},{"@type":"Organization","@id":"https:\/\/blog.cortado.com\/de\/#organization","name":"Cortado Blog","url":"https:\/\/blog.cortado.com\/de\/","logo":{"@type":"ImageObject","inLanguage":"de-DE","@id":"https:\/\/blog.cortado.com\/de\/#\/schema\/logo\/image\/","url":"https:\/\/blog.cortado.com\/wp-content\/uploads\/cortado-blog-logo.svg","contentUrl":"https:\/\/blog.cortado.com\/wp-content\/uploads\/cortado-blog-logo.svg","width":226,"height":32,"caption":"Cortado Blog"},"image":{"@id":"https:\/\/blog.cortado.com\/de\/#\/schema\/logo\/image\/"}},{"@type":"Person","@id":"https:\/\/blog.cortado.com\/de\/#\/schema\/person\/f7e94917c1fbebdda51afa275997cc09","name":"Linda Martin","image":{"@type":"ImageObject","inLanguage":"de-DE","@id":"https:\/\/blog.cortado.com\/de\/#\/schema\/person\/image\/","url":"https:\/\/secure.gravatar.com\/avatar\/2197ceca0400b043f8d82d416c50ee76?s=96&d=mm&r=g","contentUrl":"https:\/\/secure.gravatar.com\/avatar\/2197ceca0400b043f8d82d416c50ee76?s=96&d=mm&r=g","caption":"Linda Martin"},"url":"https:\/\/blog.cortado.com\/de\/author\/limar\/"}]}},"_links":{"self":[{"href":"https:\/\/blog.cortado.com\/de\/wp-json\/wp\/v2\/posts\/3183"}],"collection":[{"href":"https:\/\/blog.cortado.com\/de\/wp-json\/wp\/v2\/posts"}],"about":[{"href":"https:\/\/blog.cortado.com\/de\/wp-json\/wp\/v2\/types\/post"}],"author":[{"embeddable":true,"href":"https:\/\/blog.cortado.com\/de\/wp-json\/wp\/v2\/users\/3"}],"replies":[{"embeddable":true,"href":"https:\/\/blog.cortado.com\/de\/wp-json\/wp\/v2\/comments?post=3183"}],"version-history":[{"count":0,"href":"https:\/\/blog.cortado.com\/de\/wp-json\/wp\/v2\/posts\/3183\/revisions"}],"wp:featuredmedia":[{"embeddable":true,"href":"https:\/\/blog.cortado.com\/de\/wp-json\/wp\/v2\/media\/3184"}],"wp:attachment":[{"href":"https:\/\/blog.cortado.com\/de\/wp-json\/wp\/v2\/media?parent=3183"}],"wp:term":[{"taxonomy":"category","embeddable":true,"href":"https:\/\/blog.cortado.com\/de\/wp-json\/wp\/v2\/categories?post=3183"},{"taxonomy":"post_tag","embeddable":true,"href":"https:\/\/blog.cortado.com\/de\/wp-json\/wp\/v2\/tags?post=3183"}],"curies":[{"name":"wp","href":"https:\/\/api.w.org\/{rel}","templated":true}]}}