{"id":6161,"date":"2025-04-04T06:13:53","date_gmt":"2025-04-04T06:13:53","guid":{"rendered":"https:\/\/blog.cortado.com\/?p=6161"},"modified":"2025-04-04T06:18:12","modified_gmt":"2025-04-04T06:18:12","slug":"byod-dsgvo-datenschutz","status":"publish","type":"post","link":"https:\/\/blog.cortado.com\/de\/byod-dsgvo-datenschutz\/","title":{"rendered":"BYOD &amp; DSGVO: So setzen Sie private Ger\u00e4te datenschutzkonform im Unternehmen ein"},"content":{"rendered":"\n<p><strong>Wie k\u00f6nnen Unternehmen private Smartphones und Laptops nutzen, ohne dabei gegen die DSGVO zu versto\u00dfen? BYOD (&#8222;Bring Your Own Device&#8220;) bringt enorme Flexibilit\u00e4t \u2013 birgt aber auch erhebliche Datenschutzrisiken. Erfahren Sie, welche Fallstricke beim Einsatz privater Ger\u00e4te im Unternehmen lauern und wie Sie mit bew\u00e4hrten Strategien auf der sicheren Seite bleiben.<\/strong><\/p>\n\n\n\n<figure class=\"wp-block-image size-large\"><img loading=\"lazy\" decoding=\"async\" width=\"1024\" height=\"576\" src=\"https:\/\/blog.cortado.com\/wp-content\/uploads\/byod-dsgvo-blog-2-1024x576.png\" alt=\"\" class=\"wp-image-6166\" srcset=\"https:\/\/blog.cortado.com\/wp-content\/uploads\/byod-dsgvo-blog-2-1024x576.png 1024w, https:\/\/blog.cortado.com\/wp-content\/uploads\/byod-dsgvo-blog-2-300x169.png 300w, https:\/\/blog.cortado.com\/wp-content\/uploads\/byod-dsgvo-blog-2-768x432.png 768w, https:\/\/blog.cortado.com\/wp-content\/uploads\/byod-dsgvo-blog-2.png 1200w\" sizes=\"(max-width: 1024px) 100vw, 1024px\" \/><figcaption class=\"wp-element-caption\">Ein prominentes Beispiel f\u00fcr Datenschutzrisiken im BYOD-Konzept: Private Smartphones mit WhatsApp und synchronisierten Kontakten k\u00f6nnen die DSGVO-Compliance gef\u00e4hrden.<\/figcaption><\/figure>\n\n\n\n<p class=\"has-text-align-center has-large-font-size\"><a href=\"https:\/\/www.cortado.com\/de\/ressource\/byod-leitfaden\/?utm_source=blog&amp;utm_medium=blog&amp;utm_campaign=Blog+Resource+Promo+DE&amp;utm_content=promo-link&amp;utm_term=byod-dsgvo\" target=\"_blank\" rel=\"noreferrer noopener\">\u2192 BYOD-Leitfaden mit DSGVO-Checkliste \u2013 Jetzt herunterladen!<\/a><\/p>\n\n\n\n<p>BYOD (Bring Your Own Device)&nbsp;erlaubt Mitarbeiter.innen, ihre privaten Ger\u00e4te f\u00fcr berufliche Aufgaben zu nutzen, was Flexibilit\u00e4t und Effizienz steigert. Gleichzeitig birgt dies erhebliche Risiken in Bezug auf die&nbsp;Datenschutzgrundverordnung (DSGVO).<\/p>\n\n\n\n<p>Beispielsweise k\u00f6nnen berufliche E-Mails auf privaten Handys gespeichert oder dienstliche Kontakte in pers\u00f6nlichen Apps wie WhatsApp verwendet werden, was zu ungewollten Datenlecks f\u00fchren kann.<\/p>\n\n\n\n<p>Solche Verst\u00f6\u00dfe gef\u00e4hrden nicht nur den Datenschutz, sondern k\u00f6nnen auch hohe Bu\u00dfgelder nach sich ziehen. In diesem Artikel erl\u00e4utern wir, wie Unternehmen diese Risiken minimieren und BYOD DSGVO-konform gestalten k\u00f6nnen.<\/p>\n\n\n\n<h2 class=\"wp-block-heading\" id=\"h-byod-dsgvo-und-datenschutz-die-herausforderungen\">BYOD, DSGVO und Datenschutz: Die Herausforderungen<\/h2>\n\n\n\n<p>Die&nbsp;DSGVO&nbsp;stellt strenge Anforderungen an den Umgang mit personenbezogenen Daten. Bei Einf\u00fchrung eines&nbsp;<a href=\"https:\/\/blog.cortado.com\/de\/bring-your-own-device-byod\/\">BYOD-Programms<\/a>&nbsp;m\u00fcssen Unternehmen sicherstellen, dass Mitarbeiter.innen ihre privaten Ger\u00e4te sicher f\u00fcr berufliche Zwecke nutzen k\u00f6nnen, ohne Datenschutzrichtlinien zu verletzen.<\/p>\n\n\n\n<p>Die&nbsp;DSGVO&nbsp;verlangt Datensparsamkeit und Zweckbindung, was bedeutet, dass nur die notwendigen Daten verarbeitet und ausschlie\u00dflich f\u00fcr den festgelegten Zweck genutzt werden d\u00fcrfen. Zudem m\u00fcssen Mitarbeiter.innen transparent dar\u00fcber informiert werden, welche Daten erfasst und wie sie verwendet werden, w\u00e4hrend gleichzeitig angemessene technische und organisatorische Ma\u00dfnahmen getroffen werden m\u00fcssen, um die Daten vor unbefugtem Zugriff zu sch\u00fctzen.<\/p>\n\n\n\n<p>Die Implementierung von BYOD in Einklang mit der DSGVO bringt verschiedene Herausforderungen mit sich:<\/p>\n\n\n\n<ul class=\"wp-block-list\">\n<li><strong>Datenschutzrisiken<\/strong>: Pers\u00f6nliche und berufliche Daten teilen sich ein Ger\u00e4t, was das Risiko von Datenverlust oder -diebstahl erh\u00f6ht.<\/li>\n\n\n\n<li><strong>Kontrolle und Verwaltung<\/strong>: Es ist schwieriger, den Zugriff und die Nutzung von Daten auf pers\u00f6nlichen Ger\u00e4ten zu kontrollieren.<\/li>\n\n\n\n<li><strong>Rechtliche Unsicherheiten<\/strong>: Klare Richtlinien und Vertr\u00e4ge sind notwendig, um rechtliche Grauzonen zu vermeiden.<\/li>\n<\/ul>\n\n\n\n<h2 class=\"wp-block-heading\" id=\"h-szenarien-in-denen-eine-verletzung-der-dsgvo-auf-privaten-geraten-auftreten-kann\">Szenarien, in denen eine Verletzung der DSGVO auf privaten Ger\u00e4ten auftreten kann<\/h2>\n\n\n\n<p>Die Nutzung privater Ger\u00e4te im Rahmen von&nbsp;<a href=\"https:\/\/blog.cortado.com\/de\/bring-your-own-device-byod\/\"><strong>BYOD (Bring Your Own Device)<\/strong><\/a>&nbsp;kann verschiedene Datenschutzrisiken mit sich bringen. Hier sind einige konkrete Szenarien, in denen eine&nbsp;DSGVO-Verletzung auf privaten Ger\u00e4ten entstehen kann:<\/p>\n\n\n\n<ul class=\"wp-block-list\">\n<li><strong>Verkn\u00fcpfung des beruflichen E-Mail-Accounts auf dem privaten Smartphone:<\/strong>&nbsp;Wenn Mitarbeiter.innen ihren beruflichen E-Mail-Account auf ihrem privaten Handy einrichten, k\u00f6nnen sensible Unternehmensdaten auf dem Ger\u00e4t gespeichert werden. Ohne ausreichende Sicherheitsma\u00dfnahmen wie Verschl\u00fcsselung und Zugriffskontrollen besteht die Gefahr, dass unbefugte Personen auf diese Daten zugreifen k\u00f6nnen.<\/li>\n\n\n\n<li><strong>Speicherung dienstlicher Telefonnummern in pers\u00f6nlichen Kontakten:<\/strong>&nbsp;Dienstlich ben\u00f6tigte Telefonnummern werden oft in den pers\u00f6nlichen Kontakten des Smartphones gespeichert. Wenn diese Kontakte \u00fcber Apps wie&nbsp;<strong>WhatsApp<\/strong>&nbsp;genutzt werden, k\u00f6nnen unverschl\u00fcsselte Metadaten an das Unternehmen \u00fcbermittelt werden, was gegen die DSGVO verst\u00f6\u00dft.<\/li>\n\n\n\n<li><strong>Verlust oder Diebstahl des privaten Ger\u00e4ts ohne Remote-Wipe:<\/strong>&nbsp;Sollte ein privates Ger\u00e4t verloren gehen oder gestohlen werden, ohne dass eine&nbsp;<strong>Remote-Wipe-Funktion<\/strong>&nbsp;aktiviert ist, k\u00f6nnten sensible Unternehmensdaten in die falschen H\u00e4nde geraten. Dies stellt einen direkten Versto\u00df gegen die DSGVO dar, da personenbezogene Daten nicht ausreichend gesch\u00fctzt sind.<\/li>\n\n\n\n<li><strong>Unzureichende Zugriffskontrollen auf gesch\u00e4ftliche Daten:<\/strong>&nbsp;Wenn keine klaren Zugriffskontrollen festgelegt sind, k\u00f6nnen unbefugte Personen auf sensible Unternehmensdaten zugreifen. Dies kann durch die fehlende Trennung von privaten und gesch\u00e4ftlichen Bereichen auf dem Ger\u00e4t beg\u00fcnstigt werden.<\/li>\n\n\n\n<li><strong>Mangelnde Trennung zwischen privaten und gesch\u00e4ftlichen Daten:<\/strong>&nbsp;Ohne eine klare Trennung k\u00f6nnen private und gesch\u00e4ftliche Daten vermischt werden. Dies erschwert die Einhaltung der DSGVO, da personenbezogene Daten aus dem Unternehmensbereich m\u00f6glicherweise nicht ausreichend gesch\u00fctzt sind.<\/li>\n\n\n\n<li><strong>Nicht genehmigte Datenweitergabe an Dritte:<\/strong>&nbsp;Wenn Mitarbeiter.innen personenbezogene Daten \u00fcber private Apps oder Plattformen an Dritte weitergeben, ohne dass dies genehmigt oder dokumentiert ist, kann dies zu erheblichen Datenschutzverletzungen f\u00fchren.<\/li>\n\n\n\n<li><strong>Verwendung von veralteter oder unsicherer Software:<\/strong>&nbsp;Mitarbeiter.innen sind oft nachl\u00e4ssig, wenn es um die Installation der neuesten Softwareversionen oder Sicherheitsupdates auf Ihren Mobilger\u00e4tgeht. Dies erh\u00f6ht die Anf\u00e4lligkeit f\u00fcr Cyberangriffe und Datenlecks, was eine DSGVO-Verletzung zur Folge haben kann.<\/li>\n\n\n\n<li><strong>Fehlende oder unzureichende Verschl\u00fcsselung personenbezogener Daten:<\/strong>&nbsp;Ohne angemessene Verschl\u00fcsselung k\u00f6nnen personenbezogene Daten auf privaten Ger\u00e4ten leicht abgefangen oder eingesehen werden. Die DSGVO verlangt, dass personenbezogene Daten durch geeignete technische Ma\u00dfnahmen gesch\u00fctzt werden.<\/li>\n<\/ul>\n\n\n\n<p>Diese Szenarien verdeutlichen die vielf\u00e4ltigen Risiken, die mit der Nutzung privater Ger\u00e4te im beruflichen Kontext verbunden sind. Um&nbsp;DSGVO-Konformit\u00e4t zu gew\u00e4hrleisten, sollten Unternehmen geeignete&nbsp;<a href=\"https:\/\/blog.cortado.com\/de\/byod-mdm\/\"><strong>Mobile Device Management (MDM)<\/strong>-L\u00f6sungen<\/a>&nbsp;implementieren und klare Richtlinien f\u00fcr die Nutzung privater Ger\u00e4te am Arbeitsplatz aufstellen.<\/p>\n\n\n\n<div class=\"wp-block-cover is-light\"><span aria-hidden=\"true\" class=\"wp-block-cover__background has-neutral-background-color has-background-dim-100 has-background-dim\"><\/span><div class=\"wp-block-cover__inner-container has-global-padding is-layout-constrained wp-block-cover-is-layout-constrained\">\n<h2 class=\"wp-block-heading\" id=\"h-byod-dsgvo-muster-schnelle-vorlagen-fur-ihre-byod-strategie\">BYOD DSGVO Muster: Schnelle Vorlagen f\u00fcr Ihre BYOD-Strategie<\/h2>\n\n\n\n<p>Um&nbsp;BYOD&nbsp;(Bring Your Own Device) DSGVO-konform umzusetzen, sind gut durchdachte Richtlinien und vertragliche Vereinbarungen unerl\u00e4sslich.&nbsp;Cortado&nbsp;bietet hierf\u00fcr eine ma\u00dfgeschneiderte Vorlagen, die Ihnen den Einstieg erleichtern und Sie unterst\u00fctzen, um alle datenschutzrechtlichen Anforderungen zu erf\u00fcllen.<\/p>\n\n\n\n<h3 class=\"wp-block-heading\" id=\"h-dsgvo-konforme-richtlinien-mit-cortado-mdm\">DSGVO-konforme Richtlinien mit Cortado MDM<\/h3>\n\n\n\n<p><strong>Vorgefertigte, DSGVO-konforme Richtlinien-Einstellungen<\/strong>&nbsp;in Cortado MDM erm\u00f6glichen es Ihnen, schnell und effizient klare Regeln f\u00fcr die Nutzung privater Ger\u00e4te im Unternehmen zu etablieren. Durch die Verwendung dieser vorgefertigten Templates stellen Sie sicher, dass Ihre BYOD-Strategie den strengen Anforderungen der&nbsp;DSGVO&nbsp;entspricht und gleichzeitig flexibel genug bleibt, um den individuellen Bed\u00fcrfnissen Ihres Unternehmens gerecht zu werden.<\/p>\n\n\n\n<p><a href=\"https:\/\/www.cortado.com\/de\/testen\/?utm_source=cortado&amp;utm_medium=blog&amp;utm_campaign=Blog+Trial+Promo+DE&amp;utm_content=inline-link&amp;utm_term=byod-dsgvo\"><strong>Cortado MDM kostenlos testen<\/strong> \u2192 <\/a><\/p>\n\n\n\n<h3 class=\"wp-block-heading\" id=\"h-byod-mustervertrag-fur-rechtliche-sicherheit\">BYOD Mustervertrag f\u00fcr rechtliche Sicherheit<\/h3>\n\n\n\n<p>Neben den Richtlinien bietet&nbsp;Cortado&nbsp;auch einen&nbsp;<strong>BYOD-Mustervertrag<\/strong>&nbsp;an, der als rechtliche Grundlage zwischen Arbeitgeber und Arbeitnehmer.innen dient. Dieser Vertrag regelt die Bedingungen f\u00fcr die Nutzung privater Ger\u00e4te am Arbeitsplatz und stellt sicher, dass sowohl die Unternehmensdaten als auch die Privatsph\u00e4re der Mitarbeiter .innen gesch\u00fctzt sind.<\/p>\n\n\n\n<p><a href=\"https:\/\/www.cortado.com\/de\/ressource\/byod-mustervertrag\/?utm_source=cortado&amp;utm_medium=blog&amp;utm_campaign=Blog+Resource+Promo+DE&amp;utm_content=inline-link&amp;utm_term=byod-dsgvo\"><strong>Jetzt herunterladen<\/strong> \u2192<\/a><\/p>\n<\/div><\/div>\n\n\n\n<h2 class=\"wp-block-heading\" id=\"h-best-practices-fur-byod-unter-einhaltung-der-dsgvo\">Best Practices f\u00fcr BYOD unter Einhaltung der DSGVO<\/h2>\n\n\n\n<p>Um BYOD erfolgreich und DSGVO-konform zu implementieren, empfehlen wir die folgenden Best Practices:<\/p>\n\n\n\n<ol class=\"wp-block-list\">\n<li><strong>Erstellen Sie eine klare BYOD-Richtlinie<\/strong>: Definieren Sie Regeln f\u00fcr die Nutzung privater Ger\u00e4te im Unternehmen und kombinieren Sie diese mit einer&nbsp;<a href=\"https:\/\/blog.cortado.com\/de\/byod-vereinbarung\/\">BYOD-Vereinbarung<\/a>&nbsp;zur vertraglichen Regelung.<\/li>\n\n\n\n<li><strong>Schulen Sie Ihre Mitarbeiter.innen<\/strong>: Sensibilisieren Sie Ihr Team f\u00fcr Datenschutz und sichere Nutzung von Ger\u00e4ten.<\/li>\n\n\n\n<li><strong>Implementieren Sie eine Mobile-Device-Management-L\u00f6sung (MDM)<\/strong>: Nutzen Sie MDM, um Sicherheitsma\u00dfnahmen durchzusetzen und die Compliance zu kontrollieren. Erfahren Sie mehr zu der&nbsp;<a href=\"https:\/\/www.cortado.com\/de\/mdm-byod\/\">Bedeutung von MDM f\u00fcr BYOD und Tipps zur Implementierung<\/a>.<\/li>\n\n\n\n<li><strong>F\u00fchren Sie regelm\u00e4\u00dfige Audits durch<\/strong>: \u00dcberpr\u00fcfen Sie kontinuierlich die Einhaltung der DSGVO und passen Sie Ihre Ma\u00dfnahmen bei Bedarf an. Achten Sie bei der Auswahl Ihrer MDM-L\u00f6sung auf eine geeignete Berichtsfunktion.<\/li>\n\n\n\n<li><strong>Sicherstellen der Datentrennung<\/strong>: Trennen Sie Unternehmensdaten von privaten Daten auf den Ger\u00e4ten. Auch hier hilft Ihnen eine Mobile-Device-Management-L\u00f6sung.<\/li>\n<\/ol>\n\n\n\n<h2 class=\"wp-block-heading\" id=\"h-fazit-mit-best-practices-und-mobile-device-management-zur-dsgvo-konformitat-in-byod-modellen\">Fazit: Mit Best Practices und Mobile Device Management zur DSGVO-Konformit\u00e4t in BYOD-Modellen<\/h2>\n\n\n\n<p>Die Implementierung von&nbsp;BYOD&nbsp;in Ihrem Unternehmen bietet zahlreiche Vorteile, stellt jedoch auch hohe Anforderungen an den Datenschutz gem\u00e4\u00df der&nbsp;DSGVO. Indem Sie den bew\u00e4hrten Best Practices folgen, k\u00f6nnen Sie sicherstellen, dass der datenschutzkonforme Einsatz privater Ger\u00e4te kein Hindernis darstellt.<\/p>\n\n\n\n<p>Eine klare Trennung von privaten und gesch\u00e4ftlichen Daten, die Einrichtung sicherer Arbeitsbereiche sowie die Nutzung von&nbsp;Mobile Device Management (MDM)-L\u00f6sungen \u2013 am besten mit vorgefertigten DSGVO-Richtlinien wie bei&nbsp;<a href=\"https:\/\/www.cortado.com\/de\/produkt\/\">Cortado MDM<\/a>&nbsp;\u2013 sind dabei essenzielle Schritte.<\/p>\n\n\n\n<p>Setzen Sie auf bew\u00e4hrte L\u00f6sungen und Richtlinien, um den Datenschutz in Ihrem Unternehmen zu gew\u00e4hrleisten und gleichzeitig die Zufriedenheit und Produktivit\u00e4t Ihrer Mitarbeiter zu steigern. Mit den richtigen Ma\u00dfnahmen steht einer erfolgreichen und DSGVO-konformen BYOD-Strategie nichts mehr im Wege.<\/p>\n\n\n\n<div class=\"wp-block-cover\"><span aria-hidden=\"true\" class=\"wp-block-cover__background has-secondary-background-color has-background-dim-100 has-background-dim\"><\/span><div class=\"wp-block-cover__inner-container has-global-padding is-layout-constrained wp-block-cover-is-layout-constrained\">\n<p class=\"has-text-align-left has-x-large-font-size\">Kostenloser BYOD-Leitfaden<br>\u2013 mit DSGVO-Checkliste<\/p>\n\n\n\n<p class=\"has-text-align-left has-medium-font-size\">Mitarbeitende nutzen private Ger\u00e4te f\u00fcr die Arbeit? Unser&nbsp;kostenloser BYOD-Leitfaden&nbsp;hilft Ihnen, Risiken zu minimieren und Datenschutzanforderungen zu erf\u00fcllen.<\/p>\n\n\n\n<p class=\"has-text-align-left has-medium-font-size\">\u2714 Praxisnahe Tipps <br>\u2714&nbsp;<strong>Exklusive DSGVO-Checkliste<\/strong><br>\u2714 Direkt anwendbare Ma\u00dfnahmen<\/p>\n\n\n\n<p class=\"has-text-align-left has-medium-font-size\"><strong>Jetzt Leitfaden herunterladen und Datenschutz st\u00e4rken<\/strong>.<\/p>\n\n\n\n<div class=\"wp-block-buttons is-content-justification-left is-layout-flex wp-container-core-buttons-is-layout-1 wp-block-buttons-is-layout-flex\">\n<div class=\"wp-block-button is-style-fill\"><a class=\"wp-block-button__link has-text-color has-background has-link-color wp-element-button\" href=\"https:\/\/www.cortado.com\/de\/ressource\/byod-leitfaden\/?utm_source=blog&amp;utm_medium=blog&amp;utm_campaign=Blog+Resource+Promo+DE&amp;utm_content=promo-box\" style=\"color:#414758;background-color:#ffffff\" target=\"_blank\" rel=\"noreferrer noopener\">Jetzt Leitfaden herunterladen<\/a><\/div>\n<\/div>\n<\/div><\/div>\n\n\n\n<p><\/p>\n","protected":false},"excerpt":{"rendered":"<p>Wie k\u00f6nnen Unternehmen private Smartphones und Laptops nutzen, ohne dabei gegen die DSGVO zu versto\u00dfen? BYOD (&#8222;Bring Your Own Device&#8220;) bringt enorme Flexibilit\u00e4t \u2013 birgt aber auch erhebliche Datenschutzrisiken. Erfahren Sie, welche Fallstricke beim Einsatz privater Ger\u00e4te im Unternehmen lauern und wie Sie mit bew\u00e4hrten Strategien rechtlich auf der sicheren Seite bleiben.<\/p>\n","protected":false},"author":6,"featured_media":6166,"comment_status":"closed","ping_status":"open","sticky":false,"template":"","format":"standard","meta":{"_acf_changed":false,"footnotes":""},"categories":[385],"tags":[412],"class_list":["post-6161","post","type-post","status-publish","format-standard","has-post-thumbnail","hentry","category-mobile-strategien","tag-byod-de"],"acf":[],"yoast_head":"<!-- This site is optimized with the Yoast SEO Premium plugin v24.1 (Yoast SEO v25.6) - https:\/\/yoast.com\/wordpress\/plugins\/seo\/ -->\n<title>BYOD &amp; Datenschutz: DSGVO-Risiken erkennen und vermeiden<\/title>\n<meta name=\"description\" content=\"Wie gelingt BYOD datenschutzkonform? Welche Risiken die Nutzung privater Ger\u00e4te birgt und wie Sie BYOD sicher &amp; DSGVO-konform umsetzen.\" \/>\n<meta name=\"robots\" content=\"index, follow, max-snippet:-1, max-image-preview:large, max-video-preview:-1\" \/>\n<link rel=\"canonical\" href=\"https:\/\/blog.cortado.com\/de\/byod-dsgvo-datenschutz\/\" \/>\n<meta property=\"og:locale\" content=\"de_DE\" \/>\n<meta property=\"og:type\" content=\"article\" \/>\n<meta property=\"og:title\" content=\"BYOD &amp; DSGVO: So setzen Sie private Ger\u00e4te datenschutzkonform im Unternehmen ein\" \/>\n<meta property=\"og:description\" content=\"Wie gelingt BYOD datenschutzkonform? Welche Risiken die Nutzung privater Ger\u00e4te birgt und wie Sie BYOD sicher &amp; DSGVO-konform umsetzen.\" \/>\n<meta property=\"og:url\" content=\"https:\/\/blog.cortado.com\/de\/byod-dsgvo-datenschutz\/\" \/>\n<meta property=\"og:site_name\" content=\"Cortado Blog\" \/>\n<meta property=\"article:published_time\" content=\"2025-04-04T06:13:53+00:00\" \/>\n<meta property=\"article:modified_time\" content=\"2025-04-04T06:18:12+00:00\" \/>\n<meta property=\"og:image\" content=\"https:\/\/blog.cortado.com\/wp-content\/uploads\/byod-dsgvo-blog-2.png\" \/>\n\t<meta property=\"og:image:width\" content=\"1200\" \/>\n\t<meta property=\"og:image:height\" content=\"675\" \/>\n\t<meta property=\"og:image:type\" content=\"image\/png\" \/>\n<meta name=\"author\" content=\"Linda Martin\" \/>\n<meta name=\"twitter:card\" content=\"summary_large_image\" \/>\n<meta name=\"twitter:label1\" content=\"Verfasst von\" \/>\n\t<meta name=\"twitter:data1\" content=\"Linda Martin\" \/>\n\t<meta name=\"twitter:label2\" content=\"Gesch\u00e4tzte Lesezeit\" \/>\n\t<meta name=\"twitter:data2\" content=\"6 Minuten\" \/>\n<script type=\"application\/ld+json\" class=\"yoast-schema-graph\">{\"@context\":\"https:\/\/schema.org\",\"@graph\":[{\"@type\":\"Article\",\"@id\":\"https:\/\/blog.cortado.com\/de\/byod-dsgvo-datenschutz\/#article\",\"isPartOf\":{\"@id\":\"https:\/\/blog.cortado.com\/de\/byod-dsgvo-datenschutz\/\"},\"author\":{\"name\":\"Linda Martin\",\"@id\":\"https:\/\/blog.cortado.com\/de\/#\/schema\/person\/d5aad76933b5bb970b927006a5838794\"},\"headline\":\"BYOD &amp; DSGVO: So setzen Sie private Ger\u00e4te datenschutzkonform im Unternehmen ein\",\"datePublished\":\"2025-04-04T06:13:53+00:00\",\"dateModified\":\"2025-04-04T06:18:12+00:00\",\"mainEntityOfPage\":{\"@id\":\"https:\/\/blog.cortado.com\/de\/byod-dsgvo-datenschutz\/\"},\"wordCount\":1370,\"publisher\":{\"@id\":\"https:\/\/blog.cortado.com\/de\/#organization\"},\"image\":{\"@id\":\"https:\/\/blog.cortado.com\/de\/byod-dsgvo-datenschutz\/#primaryimage\"},\"thumbnailUrl\":\"https:\/\/blog.cortado.com\/wp-content\/uploads\/byod-dsgvo-blog-2.png\",\"keywords\":[\"BYOD\"],\"articleSection\":[\"Mobile Strategien &amp; Arbeitskonzepte\"],\"inLanguage\":\"de-DE\"},{\"@type\":\"WebPage\",\"@id\":\"https:\/\/blog.cortado.com\/de\/byod-dsgvo-datenschutz\/\",\"url\":\"https:\/\/blog.cortado.com\/de\/byod-dsgvo-datenschutz\/\",\"name\":\"BYOD & Datenschutz: DSGVO-Risiken erkennen und vermeiden\",\"isPartOf\":{\"@id\":\"https:\/\/blog.cortado.com\/de\/#website\"},\"primaryImageOfPage\":{\"@id\":\"https:\/\/blog.cortado.com\/de\/byod-dsgvo-datenschutz\/#primaryimage\"},\"image\":{\"@id\":\"https:\/\/blog.cortado.com\/de\/byod-dsgvo-datenschutz\/#primaryimage\"},\"thumbnailUrl\":\"https:\/\/blog.cortado.com\/wp-content\/uploads\/byod-dsgvo-blog-2.png\",\"datePublished\":\"2025-04-04T06:13:53+00:00\",\"dateModified\":\"2025-04-04T06:18:12+00:00\",\"description\":\"Wie gelingt BYOD datenschutzkonform? Welche Risiken die Nutzung privater Ger\u00e4te birgt und wie Sie BYOD sicher & DSGVO-konform umsetzen.\",\"breadcrumb\":{\"@id\":\"https:\/\/blog.cortado.com\/de\/byod-dsgvo-datenschutz\/#breadcrumb\"},\"inLanguage\":\"de-DE\",\"potentialAction\":[{\"@type\":\"ReadAction\",\"target\":[\"https:\/\/blog.cortado.com\/de\/byod-dsgvo-datenschutz\/\"]}]},{\"@type\":\"ImageObject\",\"inLanguage\":\"de-DE\",\"@id\":\"https:\/\/blog.cortado.com\/de\/byod-dsgvo-datenschutz\/#primaryimage\",\"url\":\"https:\/\/blog.cortado.com\/wp-content\/uploads\/byod-dsgvo-blog-2.png\",\"contentUrl\":\"https:\/\/blog.cortado.com\/wp-content\/uploads\/byod-dsgvo-blog-2.png\",\"width\":1200,\"height\":675},{\"@type\":\"BreadcrumbList\",\"@id\":\"https:\/\/blog.cortado.com\/de\/byod-dsgvo-datenschutz\/#breadcrumb\",\"itemListElement\":[{\"@type\":\"ListItem\",\"position\":1,\"name\":\"Home\",\"item\":\"https:\/\/blog.cortado.com\/de\/\"},{\"@type\":\"ListItem\",\"position\":2,\"name\":\"BYOD &amp; DSGVO: So setzen Sie private Ger\u00e4te datenschutzkonform im Unternehmen ein\"}]},{\"@type\":\"WebSite\",\"@id\":\"https:\/\/blog.cortado.com\/de\/#website\",\"url\":\"https:\/\/blog.cortado.com\/de\/\",\"name\":\"Cortado Blog\",\"description\":\"News from Cortado\",\"publisher\":{\"@id\":\"https:\/\/blog.cortado.com\/de\/#organization\"},\"potentialAction\":[{\"@type\":\"SearchAction\",\"target\":{\"@type\":\"EntryPoint\",\"urlTemplate\":\"https:\/\/blog.cortado.com\/de\/?s={search_term_string}\"},\"query-input\":{\"@type\":\"PropertyValueSpecification\",\"valueRequired\":true,\"valueName\":\"search_term_string\"}}],\"inLanguage\":\"de-DE\"},{\"@type\":\"Organization\",\"@id\":\"https:\/\/blog.cortado.com\/de\/#organization\",\"name\":\"Cortado Blog\",\"url\":\"https:\/\/blog.cortado.com\/de\/\",\"logo\":{\"@type\":\"ImageObject\",\"inLanguage\":\"de-DE\",\"@id\":\"https:\/\/blog.cortado.com\/de\/#\/schema\/logo\/image\/\",\"url\":\"https:\/\/blog.cortado.com\/wp-content\/uploads\/cortado-blog-logo.svg\",\"contentUrl\":\"https:\/\/blog.cortado.com\/wp-content\/uploads\/cortado-blog-logo.svg\",\"width\":226,\"height\":32,\"caption\":\"Cortado Blog\"},\"image\":{\"@id\":\"https:\/\/blog.cortado.com\/de\/#\/schema\/logo\/image\/\"}},{\"@type\":\"Person\",\"@id\":\"https:\/\/blog.cortado.com\/de\/#\/schema\/person\/d5aad76933b5bb970b927006a5838794\",\"name\":\"Linda Martin\",\"image\":{\"@type\":\"ImageObject\",\"inLanguage\":\"de-DE\",\"@id\":\"https:\/\/blog.cortado.com\/de\/#\/schema\/person\/image\/\",\"url\":\"https:\/\/secure.gravatar.com\/avatar\/e1fd8a35a769ec0834eaea8ea7152ebb?s=96&d=mm&r=g\",\"contentUrl\":\"https:\/\/secure.gravatar.com\/avatar\/e1fd8a35a769ec0834eaea8ea7152ebb?s=96&d=mm&r=g\",\"caption\":\"Linda Martin\"},\"url\":\"https:\/\/blog.cortado.com\/de\/author\/dani\/\"}]}<\/script>\n<!-- \/ Yoast SEO Premium plugin. -->","yoast_head_json":{"title":"BYOD & Datenschutz: DSGVO-Risiken erkennen und vermeiden","description":"Wie gelingt BYOD datenschutzkonform? Welche Risiken die Nutzung privater Ger\u00e4te birgt und wie Sie BYOD sicher & DSGVO-konform umsetzen.","robots":{"index":"index","follow":"follow","max-snippet":"max-snippet:-1","max-image-preview":"max-image-preview:large","max-video-preview":"max-video-preview:-1"},"canonical":"https:\/\/blog.cortado.com\/de\/byod-dsgvo-datenschutz\/","og_locale":"de_DE","og_type":"article","og_title":"BYOD &amp; DSGVO: So setzen Sie private Ger\u00e4te datenschutzkonform im Unternehmen ein","og_description":"Wie gelingt BYOD datenschutzkonform? Welche Risiken die Nutzung privater Ger\u00e4te birgt und wie Sie BYOD sicher & DSGVO-konform umsetzen.","og_url":"https:\/\/blog.cortado.com\/de\/byod-dsgvo-datenschutz\/","og_site_name":"Cortado Blog","article_published_time":"2025-04-04T06:13:53+00:00","article_modified_time":"2025-04-04T06:18:12+00:00","og_image":[{"width":1200,"height":675,"url":"https:\/\/blog.cortado.com\/wp-content\/uploads\/byod-dsgvo-blog-2.png","type":"image\/png"}],"author":"Linda Martin","twitter_card":"summary_large_image","twitter_misc":{"Verfasst von":"Linda Martin","Gesch\u00e4tzte Lesezeit":"6 Minuten"},"schema":{"@context":"https:\/\/schema.org","@graph":[{"@type":"Article","@id":"https:\/\/blog.cortado.com\/de\/byod-dsgvo-datenschutz\/#article","isPartOf":{"@id":"https:\/\/blog.cortado.com\/de\/byod-dsgvo-datenschutz\/"},"author":{"name":"Linda Martin","@id":"https:\/\/blog.cortado.com\/de\/#\/schema\/person\/d5aad76933b5bb970b927006a5838794"},"headline":"BYOD &amp; DSGVO: So setzen Sie private Ger\u00e4te datenschutzkonform im Unternehmen ein","datePublished":"2025-04-04T06:13:53+00:00","dateModified":"2025-04-04T06:18:12+00:00","mainEntityOfPage":{"@id":"https:\/\/blog.cortado.com\/de\/byod-dsgvo-datenschutz\/"},"wordCount":1370,"publisher":{"@id":"https:\/\/blog.cortado.com\/de\/#organization"},"image":{"@id":"https:\/\/blog.cortado.com\/de\/byod-dsgvo-datenschutz\/#primaryimage"},"thumbnailUrl":"https:\/\/blog.cortado.com\/wp-content\/uploads\/byod-dsgvo-blog-2.png","keywords":["BYOD"],"articleSection":["Mobile Strategien &amp; Arbeitskonzepte"],"inLanguage":"de-DE"},{"@type":"WebPage","@id":"https:\/\/blog.cortado.com\/de\/byod-dsgvo-datenschutz\/","url":"https:\/\/blog.cortado.com\/de\/byod-dsgvo-datenschutz\/","name":"BYOD & Datenschutz: DSGVO-Risiken erkennen und vermeiden","isPartOf":{"@id":"https:\/\/blog.cortado.com\/de\/#website"},"primaryImageOfPage":{"@id":"https:\/\/blog.cortado.com\/de\/byod-dsgvo-datenschutz\/#primaryimage"},"image":{"@id":"https:\/\/blog.cortado.com\/de\/byod-dsgvo-datenschutz\/#primaryimage"},"thumbnailUrl":"https:\/\/blog.cortado.com\/wp-content\/uploads\/byod-dsgvo-blog-2.png","datePublished":"2025-04-04T06:13:53+00:00","dateModified":"2025-04-04T06:18:12+00:00","description":"Wie gelingt BYOD datenschutzkonform? Welche Risiken die Nutzung privater Ger\u00e4te birgt und wie Sie BYOD sicher & DSGVO-konform umsetzen.","breadcrumb":{"@id":"https:\/\/blog.cortado.com\/de\/byod-dsgvo-datenschutz\/#breadcrumb"},"inLanguage":"de-DE","potentialAction":[{"@type":"ReadAction","target":["https:\/\/blog.cortado.com\/de\/byod-dsgvo-datenschutz\/"]}]},{"@type":"ImageObject","inLanguage":"de-DE","@id":"https:\/\/blog.cortado.com\/de\/byod-dsgvo-datenschutz\/#primaryimage","url":"https:\/\/blog.cortado.com\/wp-content\/uploads\/byod-dsgvo-blog-2.png","contentUrl":"https:\/\/blog.cortado.com\/wp-content\/uploads\/byod-dsgvo-blog-2.png","width":1200,"height":675},{"@type":"BreadcrumbList","@id":"https:\/\/blog.cortado.com\/de\/byod-dsgvo-datenschutz\/#breadcrumb","itemListElement":[{"@type":"ListItem","position":1,"name":"Home","item":"https:\/\/blog.cortado.com\/de\/"},{"@type":"ListItem","position":2,"name":"BYOD &amp; DSGVO: So setzen Sie private Ger\u00e4te datenschutzkonform im Unternehmen ein"}]},{"@type":"WebSite","@id":"https:\/\/blog.cortado.com\/de\/#website","url":"https:\/\/blog.cortado.com\/de\/","name":"Cortado Blog","description":"News from Cortado","publisher":{"@id":"https:\/\/blog.cortado.com\/de\/#organization"},"potentialAction":[{"@type":"SearchAction","target":{"@type":"EntryPoint","urlTemplate":"https:\/\/blog.cortado.com\/de\/?s={search_term_string}"},"query-input":{"@type":"PropertyValueSpecification","valueRequired":true,"valueName":"search_term_string"}}],"inLanguage":"de-DE"},{"@type":"Organization","@id":"https:\/\/blog.cortado.com\/de\/#organization","name":"Cortado Blog","url":"https:\/\/blog.cortado.com\/de\/","logo":{"@type":"ImageObject","inLanguage":"de-DE","@id":"https:\/\/blog.cortado.com\/de\/#\/schema\/logo\/image\/","url":"https:\/\/blog.cortado.com\/wp-content\/uploads\/cortado-blog-logo.svg","contentUrl":"https:\/\/blog.cortado.com\/wp-content\/uploads\/cortado-blog-logo.svg","width":226,"height":32,"caption":"Cortado Blog"},"image":{"@id":"https:\/\/blog.cortado.com\/de\/#\/schema\/logo\/image\/"}},{"@type":"Person","@id":"https:\/\/blog.cortado.com\/de\/#\/schema\/person\/d5aad76933b5bb970b927006a5838794","name":"Linda Martin","image":{"@type":"ImageObject","inLanguage":"de-DE","@id":"https:\/\/blog.cortado.com\/de\/#\/schema\/person\/image\/","url":"https:\/\/secure.gravatar.com\/avatar\/e1fd8a35a769ec0834eaea8ea7152ebb?s=96&d=mm&r=g","contentUrl":"https:\/\/secure.gravatar.com\/avatar\/e1fd8a35a769ec0834eaea8ea7152ebb?s=96&d=mm&r=g","caption":"Linda Martin"},"url":"https:\/\/blog.cortado.com\/de\/author\/dani\/"}]}},"_links":{"self":[{"href":"https:\/\/blog.cortado.com\/de\/wp-json\/wp\/v2\/posts\/6161"}],"collection":[{"href":"https:\/\/blog.cortado.com\/de\/wp-json\/wp\/v2\/posts"}],"about":[{"href":"https:\/\/blog.cortado.com\/de\/wp-json\/wp\/v2\/types\/post"}],"author":[{"embeddable":true,"href":"https:\/\/blog.cortado.com\/de\/wp-json\/wp\/v2\/users\/6"}],"replies":[{"embeddable":true,"href":"https:\/\/blog.cortado.com\/de\/wp-json\/wp\/v2\/comments?post=6161"}],"version-history":[{"count":0,"href":"https:\/\/blog.cortado.com\/de\/wp-json\/wp\/v2\/posts\/6161\/revisions"}],"wp:featuredmedia":[{"embeddable":true,"href":"https:\/\/blog.cortado.com\/de\/wp-json\/wp\/v2\/media\/6166"}],"wp:attachment":[{"href":"https:\/\/blog.cortado.com\/de\/wp-json\/wp\/v2\/media?parent=6161"}],"wp:term":[{"taxonomy":"category","embeddable":true,"href":"https:\/\/blog.cortado.com\/de\/wp-json\/wp\/v2\/categories?post=6161"},{"taxonomy":"post_tag","embeddable":true,"href":"https:\/\/blog.cortado.com\/de\/wp-json\/wp\/v2\/tags?post=6161"}],"curies":[{"name":"wp","href":"https:\/\/api.w.org\/{rel}","templated":true}]}}